{"id":17171,"date":"2022-07-25T15:27:29","date_gmt":"2022-07-25T13:27:29","guid":{"rendered":"https:\/\/crosstalent.com\/?p=17171"},"modified":"2024-10-29T21:08:01","modified_gmt":"2024-10-29T20:08:01","slug":"la-deconnexion-pendant-les-conges-dete","status":"publish","type":"post","link":"https:\/\/crosstalent.com\/fr\/actualites\/la-deconnexion-pendant-les-conges-dete\/","title":{"rendered":"La d\u00e9connexion pendant les cong\u00e9s d&rsquo;\u00e9t\u00e9"},"content":{"rendered":"<p>Depuis la loi sur les 35 heures de Martine Aubry, une nouvelle mani\u00e8re d\u2019appr\u00e9hender le travail a vu le jour. Les loisirs ont pris une importance croissante dans nos vies, les plages de repos et d&rsquo;oisivet\u00e9 ont \u00e9t\u00e9 valoris\u00e9es et chacun d\u2019entre nous est d\u00e9sormais d\u2019accord pour dire que si le travail est essentiel et occupe une place pr\u00e9pond\u00e9rante dans nos vies, il doit n\u00e9cessairement \u00eatre assorti de p\u00e9riode de l\u00e2cher prise.<\/p>\n<p>Le passage au num\u00e9rique a permis de grandes avanc\u00e9es pour les entreprises et pour les collaborateurs de celles-ci. Le t\u00e9l\u00e9travail en est une, de notre point de vue. Ainsi, si le t\u00e9l\u00e9travail a permis de favoriser un certain \u00e9quilibre entre vie professionnelle et vie priv\u00e9e, le l\u00e9gislateur a \u00e9galement voulu promouvoir et reconna\u00eetre un nouveau droit aux travailleurs engendr\u00e9s par la mont\u00e9e en puissance du num\u00e9rique et du digital.<\/p>\n<p>Afin d\u2019\u00e9viter les d\u00e9rives,<b> le l\u00e9gislateur a inscrit le droit \u00e0 la d\u00e9connexion, depuis la loi du 8 ao\u00fbt 2016 <\/b>aux c\u00f4t\u00e9s du droit syndical, du droit de gr\u00e8ve\u2026 parmi les droits reconnus aux travailleurs.<\/p>\n<h2>Le droit \u00e0 la d\u00e9connexion : d\u00e9finition<\/h2>\n<p>La loi du 8 ao\u00fbt 2016, \u00e9galement appel\u00e9e loi El Khomri, n\u2019a pas donn\u00e9 de d\u00e9finition claire du droit \u00e0 la d\u00e9connexion.<\/p>\n<p>Ce droit est toutefois consacr\u00e9 \u00e0 <a href=\"https:\/\/www.legifrance.gouv.fr\/codes\/article_lc\/LEGIARTI000039785096\/#:~:text=7%C2%B0%20Les%20modalit%C3%A9s%20du,la%20vie%20personnelle%20et%20familiale.\">l\u2019article L2242-17 7\u00b0 du Code du travail<\/a>, relatif \u00e0 La n\u00e9gociation annuelle sur l&rsquo;\u00e9galit\u00e9 professionnelle entre les femmes et les hommes et la qualit\u00e9 de vie et des conditions de travail, en ces termes \u00ab <i>Les modalit\u00e9s du plein exercice par le salari\u00e9 de son droit \u00e0 la d\u00e9connexion et la mise en place par l&rsquo;entreprise de dispositifs de r\u00e9gulation de l&rsquo;utilisation des outils num\u00e9riques, en vue d&rsquo;assurer le respect des temps de repos et de cong\u00e9 ainsi que de la vie personnelle et familiale. \u00c0 d\u00e9faut d&rsquo;accord, l&#8217;employeur \u00e9labore une charte, apr\u00e8s avis du comit\u00e9 social et \u00e9conomique. Cette charte d\u00e9finit ces modalit\u00e9s de l&rsquo;exercice du droit \u00e0 la d\u00e9connexion et pr\u00e9voit en outre la mise en \u0153uvre, \u00e0 destination des salari\u00e9s et du personnel d&rsquo;encadrement et de direction, d&rsquo;actions de formation et de sensibilisation \u00e0 un usage raisonnable des outils num\u00e9riques. <\/i>\u00bb<\/p>\n<p>Le l\u00e9gislateur a toutefois laiss\u00e9 aux entreprises toute la libert\u00e9 n\u00e9cessaire afin d\u2019en d\u00e9finir les modalit\u00e9s.<\/p>\n<p>Le droit \u00e0 la d\u00e9connexion, c\u2019est donc une disposition issue de la loi Travail visant \u00e0 <b>garantir l\u2019effectivit\u00e9 du droit au repos des salari\u00e9s<\/b>. L\u2019id\u00e9e est d\u2019inciter les entreprises \u00e0 encadrer l\u2019utilisation des outils num\u00e9riques en vue d\u2019assurer le respect des temps de repos et de cong\u00e9s.<\/p>\n<p>Qui n\u2019a jamais re\u00e7u de mail \u00e0 des heures tardives, le dimanche ou pendant ses cong\u00e9s ?<\/p>\n<p><b>Il \u00e9tait donc temps de se pr\u00e9occuper et d\u2019encadrer ce sujet.<\/b><\/p>\n<h2>Le droit \u00e0 la d\u00e9connexion, une obligation pour l&#8217;employeur de le garantir<\/h2>\n<p><a href=\"https:\/\/www.legifrance.gouv.fr\/codes\/article_lc\/LEGIARTI000036262805\/\">L\u2019article L.3121-64 du Code du travail<\/a> impose ainsi \u00e0 l\u2019employeur de d\u00e9terminer les modalit\u00e9s selon lesquelles le salari\u00e9 peut exercer son droit \u00e0 la d\u00e9connexion pr\u00e9vu au 7\u00b0 de l\u2019article L .2242-17 \u00bb.<\/p>\n<p>Ce droit est consacr\u00e9 par l\u2019int\u00e9gration de ce th\u00e8me dans la n\u00e9gociation obligatoire annuelle portant sur la qualit\u00e9 de vie au travail et l\u2019\u00e9galit\u00e9 professionnelle.<\/p>\n<p>Cette mention rev\u00eat de nos jours une importance grandissante pour les salari\u00e9s concern\u00e9s qui sont souvent des cadres et pour qui la tentation est grande d\u2019une connexion permanente avec l\u2019entreprise.<\/p>\n<p>Cette n\u00e9gociation doit mettre en place \u00ab <b>des dispositifs de r\u00e9gulation de l\u2019utilisation des outils num\u00e9riques<\/b>, en vue d\u2019assurer le respect des temps de repos et de cong\u00e9 ainsi que la vie personnelle et familiale \u00bb.<\/p>\n<p>Quid des modalit\u00e9s de mise en \u0153uvre ?<\/p>\n<h3>Les modalit\u00e9s de mise en \u0153uvre<\/h3>\n<p>Comme nous l\u2019avons pr\u00e9c\u00e9demment \u00e9voqu\u00e9, le but premier du droit \u00e0 la d\u00e9connexion est de garantir un \u00e9quilibre entre la vie professionnelle et la vie priv\u00e9e du salari\u00e9, de sorte qu\u2019il est imp\u00e9ratif que la charge de travail confi\u00e9e par l\u2019entreprise et que l\u2019organisation autonome du salari\u00e9 de la gestion de son emploi du temps soient effectu\u00e9s de mani\u00e8re raisonnable.<\/p>\n<h4>Respecter un \u00e9quilibre entre vie professionnelle et familiale<\/h4>\n<p>L\u2019utilisation des nouvelles technologies de l\u2019information et de la communication (NTIC) mis \u00e0 la disposition des salari\u00e9s b\u00e9n\u00e9ficiant d\u2019une convention de forfait en jourssur l\u2019ann\u00e9e doit respecter leur vie personnelle et familiale.<\/p>\n<p>Il est donc fondamental que les salari\u00e9s b\u00e9n\u00e9ficient d\u2019un droit \u00e0 d\u00e9connexion les soirs et week-ends, et pendant leurs cong\u00e9s, ainsi que durant les p\u00e9riodes de suspension de contrat de travail (maladie par exemple), sauf circonstances exceptionnelles bien s\u00fbr.<\/p>\n<p>En pratique, cela pourra consister \u00e0 :<\/p>\n<ul>\n<li>\u00c9teindre ou d\u00e9sactiver les outils de communication mis \u00e0 la disposition des salari\u00e9s (t\u00e9l\u00e9phones portables, ordinateurs, messageries) en dehors des heures de travail habituelles<\/li>\n<li>D\u00e9finir des plages de travail y compris si d\u00e9calages horaires pour un travail \u00e0 l&rsquo;international.<\/li>\n<li>Sensibiliser les \u00e9quipes \u00e0 un usage raisonn\u00e9 des outils num\u00e9riques<\/li>\n<li>Former les salari\u00e9s \u00e0 la d\u00e9connexion, y compris les managers.<\/li>\n<\/ul>\n<h4>Contr\u00f4ler l&rsquo;effectivit\u00e9 du droit \u00e0 la d\u00e9connexion<\/h4>\n<p>Inutile d\u2019attendre l\u2019entretien annuel, si un collaborateur estime que son droit \u00e0 la d\u00e9connexion n\u2019est pas respect\u00e9, et que sa charge de travail ou son amplitude de travail est contraire \u00e0 ce droit, il pourra et devra sans attendre alerter son sup\u00e9rieur hi\u00e9rarchique par tout moyen.<\/p>\n<h4>Actions de pr\u00e9vention<\/h4>\n<p>Il est pr\u00e9conis\u00e9, lors de l\u2019entretien d\u2019embauche d\u2019un nouveau salari\u00e9 en convention de forfait en jours, de lui d\u00e9livrer une information sp\u00e9cifique sur l\u2019utilisation des outils de communication \u00e0 distance.<\/p>\n<p>Chaque ann\u00e9e, une sensibilisation des managers et des collaborateurs pourra \u00eatre r\u00e9alis\u00e9e, sur l\u2019utilisation raisonnable des outils de communication \u00e0 distance.<\/p>\n<h3>Un conseil pour \u00e9viter le pi\u00e8ge de l&rsquo;hyper-connexion : montrer l&rsquo;exemple<\/h3>\n<p>Une \u00e9tude men\u00e9e ces derni\u00e8res ann\u00e9es, relative \u00e0 la relation des Fran\u00e7ais avec leur travail pendant les vacances, montre qu\u2019une grande majorit\u00e9 d\u2019entre eux restent connect\u00e9s !<\/p>\n<p>Il ressort d\u2019une \u00e9tude men\u00e9e avant l\u2019\u00e9pisode de COVID par l\u2019agence d\u2019int\u00e9rim QAPA, que 62% des Fran\u00e7ais r\u00e9pondent \u00e0 leurs emails professionnels en vacances. De m\u00eame, 42% des Fran\u00e7ais lisent leurs emails professionnels plusieurs fois par jour pendant leurs vacances\u2026 et aujourd\u2019hui, tout le monde trouve cela normal !<\/p>\n<p>Il est tr\u00e8s difficile de se couper compl\u00e8tement du monde du travail pour bon nombre de Fran\u00e7ais, ils utilisent les vacances comme un moment leur permettant de se reposer et non pas de d\u00e9crocher compl\u00e8tement. Pour de nombreux salari\u00e9s, l\u2019entreprise est devenue le centre d\u2019int\u00e9r\u00eat principal de leur vie de telle sorte qu\u2019ils \u00e9prouvent des difficult\u00e9s \u00e0 l\u00e2cher prise.<\/p>\n<p>Afin d\u2019\u00eatre certains de ne perdre aucune information et de rester performants et disponibles, ils restent connect\u00e9s, au m\u00e9pris de leur sant\u00e9.<\/p>\n<p>Le manque de repos a des cons\u00e9quences. Le burn-out pourra survenir si les salari\u00e9s et notamment les cadres ne peuvent pas d\u00e9crocher de leurs t\u00e2ches professionnelles.<\/p>\n<p>En tant que collaborateur, il faut donc apprendre \u00e0 l\u00e2cher prise et \u00e0 d\u00e9crocher, et pour ce faire s\u2019astreindre \u00e0 une certaine discipline :<\/p>\n<ul>\n<li>Ne pas oublier de mettre un message d&rsquo;absence lors de son d\u00e9part en vacances, afin de pr\u00e9venir de son indisponibilit\u00e9.<\/li>\n<li>\u00c9teindre son t\u00e9l\u00e9phone professionnel.<\/li>\n<\/ul>\n<p>Enfin, l\u2019employeur soucieux du bien-\u00eatre de ses collaborateurs pourra, gr\u00e2ce \u00e0 un peu d\u2019organisation et d\u2019astuce, aider \u00e0 la d\u00e9connexion. En effet, il faudra favoriser les suppl\u00e9ances. En d\u2019autres termes, le collaborateur absent pour cong\u00e9s pourra, dans son message d\u2019absence, envoyer ses interlocuteurs vers un coll\u00e8gue charg\u00e9 de pallier son absence et de traiter les urgences.<\/p>\n<p>Ainsi, les demandes urgentes seront trait\u00e9es et vos salari\u00e9s partiront en cong\u00e9s l\u2019esprit tranquille.<\/p>\n<p>Mesure plus radicale encore, suspendre les moyens de communication de ses salari\u00e9s pendant les cong\u00e9s d\u2019\u00e9t\u00e9.<\/p>\n<p>Le repos n\u2019en sera que plus r\u00e9parateur et b\u00e9n\u00e9fique.<\/p>\n","protected":false},"excerpt":{"rendered":"<p>Depuis la loi sur les 35 heures de Martine Aubry, une nouvelle mani\u00e8re d\u2019appr\u00e9hender le travail a vu le jour. Les loisirs ont pris une importance croissante dans nos vies, les plages de repos et d&rsquo;oisivet\u00e9 ont \u00e9t\u00e9 valoris\u00e9es et chacun d\u2019entre nous est d\u00e9sormais d\u2019accord pour dire que si le travail est essentiel et [&hellip;]<\/p>\n","protected":false},"author":10,"featured_media":17189,"comment_status":"closed","ping_status":"closed","sticky":false,"template":"","format":"standard","meta":{"inline_featured_image":false,"footnotes":""},"categories":[7,25],"tags":[],"class_list":["post-17171","post","type-post","status-publish","format-standard","has-post-thumbnail","hentry","category-rh","category-teletravail"],"yoast_head":"<!-- This site is optimized with the Yoast SEO plugin v27.5 - https:\/\/yoast.com\/product\/yoast-seo-wordpress\/ -->\n<title>La d\u00e9connexion pendant les cong\u00e9s d&#039;\u00e9t\u00e9<\/title>\n<meta name=\"description\" content=\"D\u00e9couvrez l&#039;importance de se d\u00e9connecter pendant les cong\u00e9s d&#039;\u00e9t\u00e9 pour mieux se ressourcer. Conseils pour un \u00e9quilibre travail-vie personnelle optimal !\" \/>\n<meta name=\"robots\" content=\"index, follow, max-snippet:-1, max-image-preview:large, max-video-preview:-1\" \/>\n<link rel=\"canonical\" href=\"https:\/\/crosstalent.com\/fr\/actualites\/la-deconnexion-pendant-les-conges-dete\/\" \/>\n<meta property=\"og:locale\" content=\"fr_FR\" \/>\n<meta property=\"og:type\" content=\"article\" \/>\n<meta property=\"og:title\" content=\"La d\u00e9connexion pendant les cong\u00e9s d&#039;\u00e9t\u00e9\" \/>\n<meta property=\"og:description\" content=\"D\u00e9couvrez l&#039;importance de se d\u00e9connecter pendant les cong\u00e9s d&#039;\u00e9t\u00e9 pour mieux se ressourcer. Conseils pour un \u00e9quilibre travail-vie personnelle optimal !\" \/>\n<meta property=\"og:url\" content=\"https:\/\/crosstalent.com\/fr\/actualites\/la-deconnexion-pendant-les-conges-dete\/\" \/>\n<meta property=\"og:site_name\" content=\"Crosstalent\" \/>\n<meta property=\"article:published_time\" content=\"2022-07-25T13:27:29+00:00\" \/>\n<meta property=\"article:modified_time\" content=\"2024-10-29T20:08:01+00:00\" \/>\n<meta property=\"og:image\" content=\"https:\/\/crosstalent.com\/wp-content\/uploads\/2022\/07\/la-deconnexion-pendant-les-conges-dete-1.jpg\" \/>\n\t<meta property=\"og:image:width\" content=\"999\" \/>\n\t<meta property=\"og:image:height\" content=\"515\" \/>\n\t<meta property=\"og:image:type\" content=\"image\/jpeg\" \/>\n<meta name=\"author\" content=\"L&#039;\u00e9quipe Crosstalent\" \/>\n<meta name=\"twitter:card\" content=\"summary_large_image\" \/>\n<meta name=\"twitter:creator\" content=\"@CrossTalent_FR\" \/>\n<meta name=\"twitter:site\" content=\"@CrossTalent_FR\" \/>\n<meta name=\"twitter:label1\" content=\"\u00c9crit par\" \/>\n\t<meta name=\"twitter:data1\" content=\"L&#039;\u00e9quipe Crosstalent\" \/>\n\t<meta name=\"twitter:label2\" content=\"Dur\u00e9e de lecture estim\u00e9e\" \/>\n\t<meta name=\"twitter:data2\" content=\"7 minutes\" \/>\n<script type=\"application\/ld+json\" class=\"yoast-schema-graph\">{\"@context\":\"https:\\\/\\\/schema.org\",\"@graph\":[{\"@type\":[\"Article\",\"BlogPosting\"],\"@id\":\"https:\\\/\\\/crosstalent.com\\\/fr\\\/actualites\\\/la-deconnexion-pendant-les-conges-dete\\\/#article\",\"isPartOf\":{\"@id\":\"https:\\\/\\\/crosstalent.com\\\/fr\\\/actualites\\\/la-deconnexion-pendant-les-conges-dete\\\/\"},\"author\":{\"name\":\"L'\u00e9quipe Crosstalent\",\"@id\":\"https:\\\/\\\/crosstalent.com\\\/fr\\\/#\\\/schema\\\/person\\\/cff2d1e8078c20528b7b95636b1d7472\"},\"headline\":\"La d\u00e9connexion pendant les cong\u00e9s d&rsquo;\u00e9t\u00e9\",\"datePublished\":\"2022-07-25T13:27:29+00:00\",\"dateModified\":\"2024-10-29T20:08:01+00:00\",\"mainEntityOfPage\":{\"@id\":\"https:\\\/\\\/crosstalent.com\\\/fr\\\/actualites\\\/la-deconnexion-pendant-les-conges-dete\\\/\"},\"wordCount\":1436,\"publisher\":{\"@id\":\"https:\\\/\\\/crosstalent.com\\\/fr\\\/#organization\"},\"image\":{\"@id\":\"https:\\\/\\\/crosstalent.com\\\/fr\\\/actualites\\\/la-deconnexion-pendant-les-conges-dete\\\/#primaryimage\"},\"thumbnailUrl\":\"https:\\\/\\\/crosstalent.com\\\/wp-content\\\/uploads\\\/2022\\\/07\\\/la-deconnexion-pendant-les-conges-dete-1.jpg\",\"articleSection\":[\"RH\",\"T\u00e9l\u00e9travail\"],\"inLanguage\":\"fr-FR\"},{\"@type\":\"WebPage\",\"@id\":\"https:\\\/\\\/crosstalent.com\\\/fr\\\/actualites\\\/la-deconnexion-pendant-les-conges-dete\\\/\",\"url\":\"https:\\\/\\\/crosstalent.com\\\/fr\\\/actualites\\\/la-deconnexion-pendant-les-conges-dete\\\/\",\"name\":\"La d\u00e9connexion pendant les cong\u00e9s d'\u00e9t\u00e9\",\"isPartOf\":{\"@id\":\"https:\\\/\\\/crosstalent.com\\\/fr\\\/#website\"},\"primaryImageOfPage\":{\"@id\":\"https:\\\/\\\/crosstalent.com\\\/fr\\\/actualites\\\/la-deconnexion-pendant-les-conges-dete\\\/#primaryimage\"},\"image\":{\"@id\":\"https:\\\/\\\/crosstalent.com\\\/fr\\\/actualites\\\/la-deconnexion-pendant-les-conges-dete\\\/#primaryimage\"},\"thumbnailUrl\":\"https:\\\/\\\/crosstalent.com\\\/wp-content\\\/uploads\\\/2022\\\/07\\\/la-deconnexion-pendant-les-conges-dete-1.jpg\",\"datePublished\":\"2022-07-25T13:27:29+00:00\",\"dateModified\":\"2024-10-29T20:08:01+00:00\",\"description\":\"D\u00e9couvrez l'importance de se d\u00e9connecter pendant les cong\u00e9s d'\u00e9t\u00e9 pour mieux se ressourcer. Conseils pour un \u00e9quilibre travail-vie personnelle optimal !\",\"breadcrumb\":{\"@id\":\"https:\\\/\\\/crosstalent.com\\\/fr\\\/actualites\\\/la-deconnexion-pendant-les-conges-dete\\\/#breadcrumb\"},\"inLanguage\":\"fr-FR\",\"potentialAction\":[{\"@type\":\"ReadAction\",\"target\":[\"https:\\\/\\\/crosstalent.com\\\/fr\\\/actualites\\\/la-deconnexion-pendant-les-conges-dete\\\/\"]}]},{\"@type\":\"ImageObject\",\"inLanguage\":\"fr-FR\",\"@id\":\"https:\\\/\\\/crosstalent.com\\\/fr\\\/actualites\\\/la-deconnexion-pendant-les-conges-dete\\\/#primaryimage\",\"url\":\"https:\\\/\\\/crosstalent.com\\\/wp-content\\\/uploads\\\/2022\\\/07\\\/la-deconnexion-pendant-les-conges-dete-1.jpg\",\"contentUrl\":\"https:\\\/\\\/crosstalent.com\\\/wp-content\\\/uploads\\\/2022\\\/07\\\/la-deconnexion-pendant-les-conges-dete-1.jpg\",\"width\":999,\"height\":515,\"caption\":\"La d\u00e9connexion pendant les cong\u00e9s d'\u00e9t\u00e9\"},{\"@type\":\"BreadcrumbList\",\"@id\":\"https:\\\/\\\/crosstalent.com\\\/fr\\\/actualites\\\/la-deconnexion-pendant-les-conges-dete\\\/#breadcrumb\",\"itemListElement\":[{\"@type\":\"ListItem\",\"position\":1,\"name\":\"Accueil\",\"item\":\"https:\\\/\\\/crosstalent.com\\\/fr\\\/\"},{\"@type\":\"ListItem\",\"position\":2,\"name\":\"RH\",\"item\":\"https:\\\/\\\/crosstalent.com\\\/fr\\\/category\\\/rh\\\/\"},{\"@type\":\"ListItem\",\"position\":3,\"name\":\"La d\u00e9connexion pendant les cong\u00e9s d&rsquo;\u00e9t\u00e9\"}]},{\"@type\":\"WebSite\",\"@id\":\"https:\\\/\\\/crosstalent.com\\\/fr\\\/#website\",\"url\":\"https:\\\/\\\/crosstalent.com\\\/fr\\\/\",\"name\":\"Crosstalent\",\"description\":\"Solutions RH &amp; de Gestions d&#039;affaires innovantes en mode SaaS\",\"publisher\":{\"@id\":\"https:\\\/\\\/crosstalent.com\\\/fr\\\/#organization\"},\"potentialAction\":[{\"@type\":\"SearchAction\",\"target\":{\"@type\":\"EntryPoint\",\"urlTemplate\":\"https:\\\/\\\/crosstalent.com\\\/fr\\\/?s={search_term_string}\"},\"query-input\":{\"@type\":\"PropertyValueSpecification\",\"valueRequired\":true,\"valueName\":\"search_term_string\"}}],\"inLanguage\":\"fr-FR\"},{\"@type\":\"Organization\",\"@id\":\"https:\\\/\\\/crosstalent.com\\\/fr\\\/#organization\",\"name\":\"Crosstalent\",\"url\":\"https:\\\/\\\/crosstalent.com\\\/fr\\\/\",\"logo\":{\"@type\":\"ImageObject\",\"inLanguage\":\"fr-FR\",\"@id\":\"https:\\\/\\\/crosstalent.com\\\/fr\\\/#\\\/schema\\\/logo\\\/image\\\/\",\"url\":\"https:\\\/\\\/crosstalent.com\\\/wp-content\\\/uploads\\\/2023\\\/12\\\/crosstalent-logo.svg\",\"contentUrl\":\"https:\\\/\\\/crosstalent.com\\\/wp-content\\\/uploads\\\/2023\\\/12\\\/crosstalent-logo.svg\",\"width\":1,\"height\":1,\"caption\":\"Crosstalent\"},\"image\":{\"@id\":\"https:\\\/\\\/crosstalent.com\\\/fr\\\/#\\\/schema\\\/logo\\\/image\\\/\"},\"sameAs\":[\"https:\\\/\\\/x.com\\\/CrossTalent_FR\",\"https:\\\/\\\/linkedin.com\\\/company\\\/crosstalent\"]},{\"@type\":\"Person\",\"@id\":\"https:\\\/\\\/crosstalent.com\\\/fr\\\/#\\\/schema\\\/person\\\/cff2d1e8078c20528b7b95636b1d7472\",\"name\":\"L'\u00e9quipe Crosstalent\",\"image\":{\"@type\":\"ImageObject\",\"inLanguage\":\"fr-FR\",\"@id\":\"https:\\\/\\\/secure.gravatar.com\\\/avatar\\\/52f1c8b3a9e4ede2481247aefa93ec0b52279e0d0456dd6982b023ff5c2d3e0e?s=96&d=mm&r=g\",\"url\":\"https:\\\/\\\/secure.gravatar.com\\\/avatar\\\/52f1c8b3a9e4ede2481247aefa93ec0b52279e0d0456dd6982b023ff5c2d3e0e?s=96&d=mm&r=g\",\"contentUrl\":\"https:\\\/\\\/secure.gravatar.com\\\/avatar\\\/52f1c8b3a9e4ede2481247aefa93ec0b52279e0d0456dd6982b023ff5c2d3e0e?s=96&d=mm&r=g\",\"caption\":\"L'\u00e9quipe Crosstalent\"},\"description\":\"Crosstalent is a leading workforce management solution. Our tools are designed to help you digitize human resource functions, optimize human capital management, and improve employee experiences.\",\"url\":\"https:\\\/\\\/crosstalent.com\\\/fr\\\/actualites\\\/author\\\/communicationcrosstalent-fr\\\/\"}]}<\/script>\n<!-- \/ Yoast SEO plugin. -->","yoast_head_json":{"title":"La d\u00e9connexion pendant les cong\u00e9s d'\u00e9t\u00e9","description":"D\u00e9couvrez l'importance de se d\u00e9connecter pendant les cong\u00e9s d'\u00e9t\u00e9 pour mieux se ressourcer. Conseils pour un \u00e9quilibre travail-vie personnelle optimal !","robots":{"index":"index","follow":"follow","max-snippet":"max-snippet:-1","max-image-preview":"max-image-preview:large","max-video-preview":"max-video-preview:-1"},"canonical":"https:\/\/crosstalent.com\/fr\/actualites\/la-deconnexion-pendant-les-conges-dete\/","og_locale":"fr_FR","og_type":"article","og_title":"La d\u00e9connexion pendant les cong\u00e9s d'\u00e9t\u00e9","og_description":"D\u00e9couvrez l'importance de se d\u00e9connecter pendant les cong\u00e9s d'\u00e9t\u00e9 pour mieux se ressourcer. Conseils pour un \u00e9quilibre travail-vie personnelle optimal !","og_url":"https:\/\/crosstalent.com\/fr\/actualites\/la-deconnexion-pendant-les-conges-dete\/","og_site_name":"Crosstalent","article_published_time":"2022-07-25T13:27:29+00:00","article_modified_time":"2024-10-29T20:08:01+00:00","og_image":[{"width":999,"height":515,"url":"https:\/\/crosstalent.com\/wp-content\/uploads\/2022\/07\/la-deconnexion-pendant-les-conges-dete-1.jpg","type":"image\/jpeg"}],"author":"L'\u00e9quipe Crosstalent","twitter_card":"summary_large_image","twitter_creator":"@CrossTalent_FR","twitter_site":"@CrossTalent_FR","twitter_misc":{"\u00c9crit par":"L'\u00e9quipe Crosstalent","Dur\u00e9e de lecture estim\u00e9e":"7 minutes"},"schema":{"@context":"https:\/\/schema.org","@graph":[{"@type":["Article","BlogPosting"],"@id":"https:\/\/crosstalent.com\/fr\/actualites\/la-deconnexion-pendant-les-conges-dete\/#article","isPartOf":{"@id":"https:\/\/crosstalent.com\/fr\/actualites\/la-deconnexion-pendant-les-conges-dete\/"},"author":{"name":"L'\u00e9quipe Crosstalent","@id":"https:\/\/crosstalent.com\/fr\/#\/schema\/person\/cff2d1e8078c20528b7b95636b1d7472"},"headline":"La d\u00e9connexion pendant les cong\u00e9s d&rsquo;\u00e9t\u00e9","datePublished":"2022-07-25T13:27:29+00:00","dateModified":"2024-10-29T20:08:01+00:00","mainEntityOfPage":{"@id":"https:\/\/crosstalent.com\/fr\/actualites\/la-deconnexion-pendant-les-conges-dete\/"},"wordCount":1436,"publisher":{"@id":"https:\/\/crosstalent.com\/fr\/#organization"},"image":{"@id":"https:\/\/crosstalent.com\/fr\/actualites\/la-deconnexion-pendant-les-conges-dete\/#primaryimage"},"thumbnailUrl":"https:\/\/crosstalent.com\/wp-content\/uploads\/2022\/07\/la-deconnexion-pendant-les-conges-dete-1.jpg","articleSection":["RH","T\u00e9l\u00e9travail"],"inLanguage":"fr-FR"},{"@type":"WebPage","@id":"https:\/\/crosstalent.com\/fr\/actualites\/la-deconnexion-pendant-les-conges-dete\/","url":"https:\/\/crosstalent.com\/fr\/actualites\/la-deconnexion-pendant-les-conges-dete\/","name":"La d\u00e9connexion pendant les cong\u00e9s d'\u00e9t\u00e9","isPartOf":{"@id":"https:\/\/crosstalent.com\/fr\/#website"},"primaryImageOfPage":{"@id":"https:\/\/crosstalent.com\/fr\/actualites\/la-deconnexion-pendant-les-conges-dete\/#primaryimage"},"image":{"@id":"https:\/\/crosstalent.com\/fr\/actualites\/la-deconnexion-pendant-les-conges-dete\/#primaryimage"},"thumbnailUrl":"https:\/\/crosstalent.com\/wp-content\/uploads\/2022\/07\/la-deconnexion-pendant-les-conges-dete-1.jpg","datePublished":"2022-07-25T13:27:29+00:00","dateModified":"2024-10-29T20:08:01+00:00","description":"D\u00e9couvrez l'importance de se d\u00e9connecter pendant les cong\u00e9s d'\u00e9t\u00e9 pour mieux se ressourcer. Conseils pour un \u00e9quilibre travail-vie personnelle optimal !","breadcrumb":{"@id":"https:\/\/crosstalent.com\/fr\/actualites\/la-deconnexion-pendant-les-conges-dete\/#breadcrumb"},"inLanguage":"fr-FR","potentialAction":[{"@type":"ReadAction","target":["https:\/\/crosstalent.com\/fr\/actualites\/la-deconnexion-pendant-les-conges-dete\/"]}]},{"@type":"ImageObject","inLanguage":"fr-FR","@id":"https:\/\/crosstalent.com\/fr\/actualites\/la-deconnexion-pendant-les-conges-dete\/#primaryimage","url":"https:\/\/crosstalent.com\/wp-content\/uploads\/2022\/07\/la-deconnexion-pendant-les-conges-dete-1.jpg","contentUrl":"https:\/\/crosstalent.com\/wp-content\/uploads\/2022\/07\/la-deconnexion-pendant-les-conges-dete-1.jpg","width":999,"height":515,"caption":"La d\u00e9connexion pendant les cong\u00e9s d'\u00e9t\u00e9"},{"@type":"BreadcrumbList","@id":"https:\/\/crosstalent.com\/fr\/actualites\/la-deconnexion-pendant-les-conges-dete\/#breadcrumb","itemListElement":[{"@type":"ListItem","position":1,"name":"Accueil","item":"https:\/\/crosstalent.com\/fr\/"},{"@type":"ListItem","position":2,"name":"RH","item":"https:\/\/crosstalent.com\/fr\/category\/rh\/"},{"@type":"ListItem","position":3,"name":"La d\u00e9connexion pendant les cong\u00e9s d&rsquo;\u00e9t\u00e9"}]},{"@type":"WebSite","@id":"https:\/\/crosstalent.com\/fr\/#website","url":"https:\/\/crosstalent.com\/fr\/","name":"Crosstalent","description":"Solutions RH &amp; de Gestions d&#039;affaires innovantes en mode SaaS","publisher":{"@id":"https:\/\/crosstalent.com\/fr\/#organization"},"potentialAction":[{"@type":"SearchAction","target":{"@type":"EntryPoint","urlTemplate":"https:\/\/crosstalent.com\/fr\/?s={search_term_string}"},"query-input":{"@type":"PropertyValueSpecification","valueRequired":true,"valueName":"search_term_string"}}],"inLanguage":"fr-FR"},{"@type":"Organization","@id":"https:\/\/crosstalent.com\/fr\/#organization","name":"Crosstalent","url":"https:\/\/crosstalent.com\/fr\/","logo":{"@type":"ImageObject","inLanguage":"fr-FR","@id":"https:\/\/crosstalent.com\/fr\/#\/schema\/logo\/image\/","url":"https:\/\/crosstalent.com\/wp-content\/uploads\/2023\/12\/crosstalent-logo.svg","contentUrl":"https:\/\/crosstalent.com\/wp-content\/uploads\/2023\/12\/crosstalent-logo.svg","width":1,"height":1,"caption":"Crosstalent"},"image":{"@id":"https:\/\/crosstalent.com\/fr\/#\/schema\/logo\/image\/"},"sameAs":["https:\/\/x.com\/CrossTalent_FR","https:\/\/linkedin.com\/company\/crosstalent"]},{"@type":"Person","@id":"https:\/\/crosstalent.com\/fr\/#\/schema\/person\/cff2d1e8078c20528b7b95636b1d7472","name":"L'\u00e9quipe Crosstalent","image":{"@type":"ImageObject","inLanguage":"fr-FR","@id":"https:\/\/secure.gravatar.com\/avatar\/52f1c8b3a9e4ede2481247aefa93ec0b52279e0d0456dd6982b023ff5c2d3e0e?s=96&d=mm&r=g","url":"https:\/\/secure.gravatar.com\/avatar\/52f1c8b3a9e4ede2481247aefa93ec0b52279e0d0456dd6982b023ff5c2d3e0e?s=96&d=mm&r=g","contentUrl":"https:\/\/secure.gravatar.com\/avatar\/52f1c8b3a9e4ede2481247aefa93ec0b52279e0d0456dd6982b023ff5c2d3e0e?s=96&d=mm&r=g","caption":"L'\u00e9quipe Crosstalent"},"description":"Crosstalent is a leading workforce management solution. Our tools are designed to help you digitize human resource functions, optimize human capital management, and improve employee experiences.","url":"https:\/\/crosstalent.com\/fr\/actualites\/author\/communicationcrosstalent-fr\/"}]}},"_links":{"self":[{"href":"https:\/\/crosstalent.com\/fr\/wp-json\/wp\/v2\/posts\/17171","targetHints":{"allow":["GET"]}}],"collection":[{"href":"https:\/\/crosstalent.com\/fr\/wp-json\/wp\/v2\/posts"}],"about":[{"href":"https:\/\/crosstalent.com\/fr\/wp-json\/wp\/v2\/types\/post"}],"author":[{"embeddable":true,"href":"https:\/\/crosstalent.com\/fr\/wp-json\/wp\/v2\/users\/10"}],"replies":[{"embeddable":true,"href":"https:\/\/crosstalent.com\/fr\/wp-json\/wp\/v2\/comments?post=17171"}],"version-history":[{"count":0,"href":"https:\/\/crosstalent.com\/fr\/wp-json\/wp\/v2\/posts\/17171\/revisions"}],"wp:featuredmedia":[{"embeddable":true,"href":"https:\/\/crosstalent.com\/fr\/wp-json\/wp\/v2\/media\/17189"}],"wp:attachment":[{"href":"https:\/\/crosstalent.com\/fr\/wp-json\/wp\/v2\/media?parent=17171"}],"wp:term":[{"taxonomy":"category","embeddable":true,"href":"https:\/\/crosstalent.com\/fr\/wp-json\/wp\/v2\/categories?post=17171"},{"taxonomy":"post_tag","embeddable":true,"href":"https:\/\/crosstalent.com\/fr\/wp-json\/wp\/v2\/tags?post=17171"}],"curies":[{"name":"wp","href":"https:\/\/api.w.org\/{rel}","templated":true}]}}