{"id":19986,"date":"2024-01-03T17:37:15","date_gmt":"2024-01-03T16:37:15","guid":{"rendered":"https:\/\/crosstalent.com\/?p=19986"},"modified":"2024-10-29T20:50:13","modified_gmt":"2024-10-29T19:50:13","slug":"crosstalent-salon-hr-technology-2024","status":"publish","type":"post","link":"https:\/\/crosstalent.com\/fr\/actualites\/crosstalent-salon-hr-technology-2024\/","title":{"rendered":"Crosstalent au Salon HR Technologies 2024"},"content":{"rendered":"\t\t<div data-elementor-type=\"wp-post\" data-elementor-id=\"19986\" class=\"elementor elementor-19986\" data-elementor-post-type=\"post\">\n\t\t\t\t<div class=\"elementor-element elementor-element-65366b33 e-flex e-con-boxed e-con e-parent\" data-id=\"65366b33\" data-element_type=\"container\" data-e-type=\"container\">\n\t\t\t\t\t<div class=\"e-con-inner\">\n\t\t\t\t<div class=\"elementor-element elementor-element-3f2b2cf4 elementor-widget elementor-widget-text-editor\" data-id=\"3f2b2cf4\" data-element_type=\"widget\" data-e-type=\"widget\" data-widget_type=\"text-editor.default\">\n\t\t\t\t<div class=\"elementor-widget-container\">\n\t\t\t\t\t\t\t\t\t<h2 class=\"ck-medium-text\">HR Technologies<\/h2><p class=\"ck-medium-text\">HR Technologies France, co-organis\u00e9 par CloserStill Media et Parlons RH, r\u00e9unit chaque ann\u00e9e plus de 1 750 professionnels des RH, du recrutement, et de la gestion des talents du monde entier.\u00a0<\/p><p class=\"ck-medium-text\">La premi\u00e8re \u00e9dition en f\u00e9vrier 2023 a marqu\u00e9 les esprits, et s\u2019impose d\u00e9j\u00e0 comme LE nouveau rendez-vous immanquable des professionnels RH.<\/p><h2>Crosstalent \u00e0 HR Tech<\/h2><p>Compte tenu du succ\u00e8s de la 1\u00e8re \u00e9dition, cela semblait \u00e9vident pour Crosstalent d&rsquo;\u00eatre \u00e0 nouveau pr\u00e9sent cette ann\u00e9e, avec un stand situ\u00e9 au c\u0153ur de l&rsquo;espace \u00e9diteurs RH.<\/p><h3>Retrouvez nous stand G30<\/h3><p>Au programme, des rencontres, des discussions et des d\u00e9monstrations de notre outil.<\/p><h2>La conf\u00e9rence<\/h2><p>Comme l&rsquo;an pass\u00e9, Jean-Yves Fali\u00e8re, notre Directeur Commercial et Marketing animera une conf\u00e9rence sur le th\u00e8me cette ann\u00e9e<\/p><h3>\u00ab\u00a0Le management, \u00e9l\u00e9ment central de la conduite du changement\u00a0\u00bb<\/h3><p>Rendez vous mercredi 24 janvier \u00e0 11h30 Th\u00e9\u00e2tre A<\/p><p><\/p>\t\t\t\t\t\t\t\t<\/div>\n\t\t\t\t<\/div>\n\t\t\t\t\t<\/div>\n\t\t\t\t<\/div>\n\t\t<div class=\"elementor-element elementor-element-36f11e5 e-flex e-con-boxed e-con e-parent\" data-id=\"36f11e5\" data-element_type=\"container\" data-e-type=\"container\">\n\t\t\t\t\t<div class=\"e-con-inner\">\n\t\t\t\t<div class=\"elementor-element elementor-element-1b310e2 elementor-align-center elementor-widget elementor-widget-button\" data-id=\"1b310e2\" data-element_type=\"widget\" data-e-type=\"widget\" data-widget_type=\"button.default\">\n\t\t\t\t<div class=\"elementor-widget-container\">\n\t\t\t\t\t\t\t\t\t<div class=\"elementor-button-wrapper\">\n\t\t\t\t\t<a class=\"elementor-button elementor-button-link elementor-size-lg\" href=\"https:\/\/rfg.circdata.com\/publish\/HRTP24_FR\/?source=__&#038;utm_source=&#038;utm_medium=&#038;utm_campaign=\">\n\t\t\t\t\t\t<span class=\"elementor-button-content-wrapper\">\n\t\t\t\t\t\t\t\t\t<span class=\"elementor-button-text\">Demander votre badge gratuit<\/span>\n\t\t\t\t\t<\/span>\n\t\t\t\t\t<\/a>\n\t\t\t\t<\/div>\n\t\t\t\t\t\t\t\t<\/div>\n\t\t\t\t<\/div>\n\t\t\t\t\t<\/div>\n\t\t\t\t<\/div>\n\t\t\t\t<\/div>\n\t\t","protected":false},"excerpt":{"rendered":"<p>HR Technologies HR Technologies France, co-organis\u00e9 par CloserStill Media et Parlons RH, r\u00e9unit chaque ann\u00e9e plus de 1 750 professionnels des RH, du recrutement, et de la gestion des talents du monde entier.\u00a0 La premi\u00e8re \u00e9dition en f\u00e9vrier 2023 a marqu\u00e9 les esprits, et s\u2019impose d\u00e9j\u00e0 comme LE nouveau rendez-vous immanquable des professionnels RH. Crosstalent [&hellip;]<\/p>\n","protected":false},"author":15,"featured_media":19987,"comment_status":"closed","ping_status":"closed","sticky":false,"template":"","format":"standard","meta":{"inline_featured_image":false,"footnotes":""},"categories":[10,7,337,20],"tags":[],"class_list":["post-19986","post","type-post","status-publish","format-standard","has-post-thumbnail","hentry","category-evenements","category-rh","category-salon-conference","category-transformation-digitale"],"yoast_head":"<!-- This site is optimized with the Yoast SEO plugin v27.5 - https:\/\/yoast.com\/product\/yoast-seo-wordpress\/ -->\n<title>Crosstalent au Salon HR Tech \u00e0 Paris les 24\/25 janvier<\/title>\n<meta name=\"description\" content=\"Crosstalent a le plaisir d&#039;\u00eatre \u00e0 nouveau pr\u00e9sent au Salon HR Tech qui aura lieu les 24 et 25 janvier \u00e0 Paris Porte de Versailles\" \/>\n<meta name=\"robots\" content=\"index, follow, max-snippet:-1, max-image-preview:large, max-video-preview:-1\" \/>\n<link rel=\"canonical\" href=\"https:\/\/crosstalent.com\/fr\/actualites\/crosstalent-salon-hr-technology-2024\/\" \/>\n<meta property=\"og:locale\" content=\"fr_FR\" \/>\n<meta property=\"og:type\" content=\"article\" \/>\n<meta property=\"og:title\" content=\"Crosstalent au Salon HR Tech \u00e0 Paris les 24\/25 janvier\" \/>\n<meta property=\"og:description\" content=\"Crosstalent a le plaisir d&#039;\u00eatre \u00e0 nouveau pr\u00e9sent au Salon HR Tech qui aura lieu les 24 et 25 janvier \u00e0 Paris Porte de Versailles\" \/>\n<meta property=\"og:url\" content=\"https:\/\/crosstalent.com\/fr\/actualites\/crosstalent-salon-hr-technology-2024\/\" \/>\n<meta property=\"og:site_name\" content=\"Crosstalent\" \/>\n<meta property=\"article:published_time\" content=\"2024-01-03T16:37:15+00:00\" \/>\n<meta property=\"article:modified_time\" content=\"2024-10-29T19:50:13+00:00\" \/>\n<meta property=\"og:image\" content=\"https:\/\/crosstalent.com\/wp-content\/uploads\/2024\/01\/crosstalent-hr-tech.png\" \/>\n\t<meta property=\"og:image:width\" content=\"1000\" \/>\n\t<meta property=\"og:image:height\" content=\"667\" \/>\n\t<meta property=\"og:image:type\" content=\"image\/png\" \/>\n<meta name=\"author\" content=\"Carine Perdrige\" \/>\n<meta name=\"twitter:card\" content=\"summary_large_image\" \/>\n<meta name=\"twitter:creator\" content=\"@CrossTalent_FR\" \/>\n<meta name=\"twitter:site\" content=\"@CrossTalent_FR\" \/>\n<meta name=\"twitter:label1\" content=\"\u00c9crit par\" \/>\n\t<meta name=\"twitter:data1\" content=\"Carine Perdrige\" \/>\n\t<meta name=\"twitter:label2\" content=\"Dur\u00e9e de lecture estim\u00e9e\" \/>\n\t<meta name=\"twitter:data2\" content=\"1 minute\" \/>\n<script type=\"application\/ld+json\" class=\"yoast-schema-graph\">{\"@context\":\"https:\\\/\\\/schema.org\",\"@graph\":[{\"@type\":[\"Article\",\"BlogPosting\"],\"@id\":\"https:\\\/\\\/crosstalent.com\\\/fr\\\/actualites\\\/crosstalent-salon-hr-technology-2024\\\/#article\",\"isPartOf\":{\"@id\":\"https:\\\/\\\/crosstalent.com\\\/fr\\\/actualites\\\/crosstalent-salon-hr-technology-2024\\\/\"},\"author\":{\"name\":\"Carine Perdrige\",\"@id\":\"https:\\\/\\\/crosstalent.com\\\/fr\\\/#\\\/schema\\\/person\\\/f9aec9223fd2d84c8352a6f70aa8f0fd\"},\"headline\":\"Crosstalent au Salon HR Technologies 2024\",\"datePublished\":\"2024-01-03T16:37:15+00:00\",\"dateModified\":\"2024-10-29T19:50:13+00:00\",\"mainEntityOfPage\":{\"@id\":\"https:\\\/\\\/crosstalent.com\\\/fr\\\/actualites\\\/crosstalent-salon-hr-technology-2024\\\/\"},\"wordCount\":164,\"publisher\":{\"@id\":\"https:\\\/\\\/crosstalent.com\\\/fr\\\/#organization\"},\"image\":{\"@id\":\"https:\\\/\\\/crosstalent.com\\\/fr\\\/actualites\\\/crosstalent-salon-hr-technology-2024\\\/#primaryimage\"},\"thumbnailUrl\":\"https:\\\/\\\/crosstalent.com\\\/wp-content\\\/uploads\\\/2024\\\/01\\\/crosstalent-hr-tech.png\",\"articleSection\":[\"\u00c9v\u00e9nements\",\"RH\",\"Salons &amp; Conf\u00e9rences\",\"Transformation digitale\"],\"inLanguage\":\"fr-FR\"},{\"@type\":\"WebPage\",\"@id\":\"https:\\\/\\\/crosstalent.com\\\/fr\\\/actualites\\\/crosstalent-salon-hr-technology-2024\\\/\",\"url\":\"https:\\\/\\\/crosstalent.com\\\/fr\\\/actualites\\\/crosstalent-salon-hr-technology-2024\\\/\",\"name\":\"Crosstalent au Salon HR Tech \u00e0 Paris les 24\\\/25 janvier\",\"isPartOf\":{\"@id\":\"https:\\\/\\\/crosstalent.com\\\/fr\\\/#website\"},\"primaryImageOfPage\":{\"@id\":\"https:\\\/\\\/crosstalent.com\\\/fr\\\/actualites\\\/crosstalent-salon-hr-technology-2024\\\/#primaryimage\"},\"image\":{\"@id\":\"https:\\\/\\\/crosstalent.com\\\/fr\\\/actualites\\\/crosstalent-salon-hr-technology-2024\\\/#primaryimage\"},\"thumbnailUrl\":\"https:\\\/\\\/crosstalent.com\\\/wp-content\\\/uploads\\\/2024\\\/01\\\/crosstalent-hr-tech.png\",\"datePublished\":\"2024-01-03T16:37:15+00:00\",\"dateModified\":\"2024-10-29T19:50:13+00:00\",\"description\":\"Crosstalent a le plaisir d'\u00eatre \u00e0 nouveau pr\u00e9sent au Salon HR Tech qui aura lieu les 24 et 25 janvier \u00e0 Paris Porte de Versailles\",\"breadcrumb\":{\"@id\":\"https:\\\/\\\/crosstalent.com\\\/fr\\\/actualites\\\/crosstalent-salon-hr-technology-2024\\\/#breadcrumb\"},\"inLanguage\":\"fr-FR\",\"potentialAction\":[{\"@type\":\"ReadAction\",\"target\":[\"https:\\\/\\\/crosstalent.com\\\/fr\\\/actualites\\\/crosstalent-salon-hr-technology-2024\\\/\"]}]},{\"@type\":\"ImageObject\",\"inLanguage\":\"fr-FR\",\"@id\":\"https:\\\/\\\/crosstalent.com\\\/fr\\\/actualites\\\/crosstalent-salon-hr-technology-2024\\\/#primaryimage\",\"url\":\"https:\\\/\\\/crosstalent.com\\\/wp-content\\\/uploads\\\/2024\\\/01\\\/crosstalent-hr-tech.png\",\"contentUrl\":\"https:\\\/\\\/crosstalent.com\\\/wp-content\\\/uploads\\\/2024\\\/01\\\/crosstalent-hr-tech.png\",\"width\":1000,\"height\":667,\"caption\":\"Crosstalent au Salon HR Technologies 2024\"},{\"@type\":\"BreadcrumbList\",\"@id\":\"https:\\\/\\\/crosstalent.com\\\/fr\\\/actualites\\\/crosstalent-salon-hr-technology-2024\\\/#breadcrumb\",\"itemListElement\":[{\"@type\":\"ListItem\",\"position\":1,\"name\":\"Accueil\",\"item\":\"https:\\\/\\\/crosstalent.com\\\/fr\\\/\"},{\"@type\":\"ListItem\",\"position\":2,\"name\":\"\u00c9v\u00e9nements\",\"item\":\"https:\\\/\\\/crosstalent.com\\\/fr\\\/category\\\/evenements\\\/\"},{\"@type\":\"ListItem\",\"position\":3,\"name\":\"Salons &amp; Conf\u00e9rences\",\"item\":\"https:\\\/\\\/crosstalent.com\\\/fr\\\/category\\\/evenements\\\/salon-conference\\\/\"},{\"@type\":\"ListItem\",\"position\":4,\"name\":\"Crosstalent au Salon HR Technologies 2024\"}]},{\"@type\":\"WebSite\",\"@id\":\"https:\\\/\\\/crosstalent.com\\\/fr\\\/#website\",\"url\":\"https:\\\/\\\/crosstalent.com\\\/fr\\\/\",\"name\":\"Crosstalent\",\"description\":\"Solutions RH &amp; de Gestions d&#039;affaires innovantes en mode SaaS\",\"publisher\":{\"@id\":\"https:\\\/\\\/crosstalent.com\\\/fr\\\/#organization\"},\"potentialAction\":[{\"@type\":\"SearchAction\",\"target\":{\"@type\":\"EntryPoint\",\"urlTemplate\":\"https:\\\/\\\/crosstalent.com\\\/fr\\\/?s={search_term_string}\"},\"query-input\":{\"@type\":\"PropertyValueSpecification\",\"valueRequired\":true,\"valueName\":\"search_term_string\"}}],\"inLanguage\":\"fr-FR\"},{\"@type\":\"Organization\",\"@id\":\"https:\\\/\\\/crosstalent.com\\\/fr\\\/#organization\",\"name\":\"Crosstalent\",\"url\":\"https:\\\/\\\/crosstalent.com\\\/fr\\\/\",\"logo\":{\"@type\":\"ImageObject\",\"inLanguage\":\"fr-FR\",\"@id\":\"https:\\\/\\\/crosstalent.com\\\/fr\\\/#\\\/schema\\\/logo\\\/image\\\/\",\"url\":\"https:\\\/\\\/crosstalent.com\\\/wp-content\\\/uploads\\\/2023\\\/12\\\/crosstalent-logo.svg\",\"contentUrl\":\"https:\\\/\\\/crosstalent.com\\\/wp-content\\\/uploads\\\/2023\\\/12\\\/crosstalent-logo.svg\",\"width\":1,\"height\":1,\"caption\":\"Crosstalent\"},\"image\":{\"@id\":\"https:\\\/\\\/crosstalent.com\\\/fr\\\/#\\\/schema\\\/logo\\\/image\\\/\"},\"sameAs\":[\"https:\\\/\\\/x.com\\\/CrossTalent_FR\",\"https:\\\/\\\/linkedin.com\\\/company\\\/crosstalent\"]},{\"@type\":\"Person\",\"@id\":\"https:\\\/\\\/crosstalent.com\\\/fr\\\/#\\\/schema\\\/person\\\/f9aec9223fd2d84c8352a6f70aa8f0fd\",\"name\":\"Carine Perdrige\",\"image\":{\"@type\":\"ImageObject\",\"inLanguage\":\"fr-FR\",\"@id\":\"https:\\\/\\\/secure.gravatar.com\\\/avatar\\\/b2d699a6e8afdce4c63d1bb5016befca457dd418a9d862387120ccdf458ef054?s=96&d=mm&r=g\",\"url\":\"https:\\\/\\\/secure.gravatar.com\\\/avatar\\\/b2d699a6e8afdce4c63d1bb5016befca457dd418a9d862387120ccdf458ef054?s=96&d=mm&r=g\",\"contentUrl\":\"https:\\\/\\\/secure.gravatar.com\\\/avatar\\\/b2d699a6e8afdce4c63d1bb5016befca457dd418a9d862387120ccdf458ef054?s=96&d=mm&r=g\",\"caption\":\"Carine Perdrige\"},\"description\":\"\u00c0 propos. 16 ans d'exp\u00e9rience dans un Groupe bancaire. Aujourd'hui, je partage mon temps entre l'organisation d'\u00e9v\u00e9nements dans le Grand Gen\u00e8ve et le Graphisme ...\",\"url\":\"https:\\\/\\\/crosstalent.com\\\/fr\\\/actualites\\\/author\\\/carine-perdrige-equipe-crosstalent\\\/\"}]}<\/script>\n<!-- \/ Yoast SEO plugin. -->","yoast_head_json":{"title":"Crosstalent au Salon HR Tech \u00e0 Paris les 24\/25 janvier","description":"Crosstalent a le plaisir d'\u00eatre \u00e0 nouveau pr\u00e9sent au Salon HR Tech qui aura lieu les 24 et 25 janvier \u00e0 Paris Porte de Versailles","robots":{"index":"index","follow":"follow","max-snippet":"max-snippet:-1","max-image-preview":"max-image-preview:large","max-video-preview":"max-video-preview:-1"},"canonical":"https:\/\/crosstalent.com\/fr\/actualites\/crosstalent-salon-hr-technology-2024\/","og_locale":"fr_FR","og_type":"article","og_title":"Crosstalent au Salon HR Tech \u00e0 Paris les 24\/25 janvier","og_description":"Crosstalent a le plaisir d'\u00eatre \u00e0 nouveau pr\u00e9sent au Salon HR Tech qui aura lieu les 24 et 25 janvier \u00e0 Paris Porte de Versailles","og_url":"https:\/\/crosstalent.com\/fr\/actualites\/crosstalent-salon-hr-technology-2024\/","og_site_name":"Crosstalent","article_published_time":"2024-01-03T16:37:15+00:00","article_modified_time":"2024-10-29T19:50:13+00:00","og_image":[{"width":1000,"height":667,"url":"https:\/\/crosstalent.com\/wp-content\/uploads\/2024\/01\/crosstalent-hr-tech.png","type":"image\/png"}],"author":"Carine Perdrige","twitter_card":"summary_large_image","twitter_creator":"@CrossTalent_FR","twitter_site":"@CrossTalent_FR","twitter_misc":{"\u00c9crit par":"Carine Perdrige","Dur\u00e9e de lecture estim\u00e9e":"1 minute"},"schema":{"@context":"https:\/\/schema.org","@graph":[{"@type":["Article","BlogPosting"],"@id":"https:\/\/crosstalent.com\/fr\/actualites\/crosstalent-salon-hr-technology-2024\/#article","isPartOf":{"@id":"https:\/\/crosstalent.com\/fr\/actualites\/crosstalent-salon-hr-technology-2024\/"},"author":{"name":"Carine Perdrige","@id":"https:\/\/crosstalent.com\/fr\/#\/schema\/person\/f9aec9223fd2d84c8352a6f70aa8f0fd"},"headline":"Crosstalent au Salon HR Technologies 2024","datePublished":"2024-01-03T16:37:15+00:00","dateModified":"2024-10-29T19:50:13+00:00","mainEntityOfPage":{"@id":"https:\/\/crosstalent.com\/fr\/actualites\/crosstalent-salon-hr-technology-2024\/"},"wordCount":164,"publisher":{"@id":"https:\/\/crosstalent.com\/fr\/#organization"},"image":{"@id":"https:\/\/crosstalent.com\/fr\/actualites\/crosstalent-salon-hr-technology-2024\/#primaryimage"},"thumbnailUrl":"https:\/\/crosstalent.com\/wp-content\/uploads\/2024\/01\/crosstalent-hr-tech.png","articleSection":["\u00c9v\u00e9nements","RH","Salons &amp; Conf\u00e9rences","Transformation digitale"],"inLanguage":"fr-FR"},{"@type":"WebPage","@id":"https:\/\/crosstalent.com\/fr\/actualites\/crosstalent-salon-hr-technology-2024\/","url":"https:\/\/crosstalent.com\/fr\/actualites\/crosstalent-salon-hr-technology-2024\/","name":"Crosstalent au Salon HR Tech \u00e0 Paris les 24\/25 janvier","isPartOf":{"@id":"https:\/\/crosstalent.com\/fr\/#website"},"primaryImageOfPage":{"@id":"https:\/\/crosstalent.com\/fr\/actualites\/crosstalent-salon-hr-technology-2024\/#primaryimage"},"image":{"@id":"https:\/\/crosstalent.com\/fr\/actualites\/crosstalent-salon-hr-technology-2024\/#primaryimage"},"thumbnailUrl":"https:\/\/crosstalent.com\/wp-content\/uploads\/2024\/01\/crosstalent-hr-tech.png","datePublished":"2024-01-03T16:37:15+00:00","dateModified":"2024-10-29T19:50:13+00:00","description":"Crosstalent a le plaisir d'\u00eatre \u00e0 nouveau pr\u00e9sent au Salon HR Tech qui aura lieu les 24 et 25 janvier \u00e0 Paris Porte de Versailles","breadcrumb":{"@id":"https:\/\/crosstalent.com\/fr\/actualites\/crosstalent-salon-hr-technology-2024\/#breadcrumb"},"inLanguage":"fr-FR","potentialAction":[{"@type":"ReadAction","target":["https:\/\/crosstalent.com\/fr\/actualites\/crosstalent-salon-hr-technology-2024\/"]}]},{"@type":"ImageObject","inLanguage":"fr-FR","@id":"https:\/\/crosstalent.com\/fr\/actualites\/crosstalent-salon-hr-technology-2024\/#primaryimage","url":"https:\/\/crosstalent.com\/wp-content\/uploads\/2024\/01\/crosstalent-hr-tech.png","contentUrl":"https:\/\/crosstalent.com\/wp-content\/uploads\/2024\/01\/crosstalent-hr-tech.png","width":1000,"height":667,"caption":"Crosstalent au Salon HR Technologies 2024"},{"@type":"BreadcrumbList","@id":"https:\/\/crosstalent.com\/fr\/actualites\/crosstalent-salon-hr-technology-2024\/#breadcrumb","itemListElement":[{"@type":"ListItem","position":1,"name":"Accueil","item":"https:\/\/crosstalent.com\/fr\/"},{"@type":"ListItem","position":2,"name":"\u00c9v\u00e9nements","item":"https:\/\/crosstalent.com\/fr\/category\/evenements\/"},{"@type":"ListItem","position":3,"name":"Salons &amp; Conf\u00e9rences","item":"https:\/\/crosstalent.com\/fr\/category\/evenements\/salon-conference\/"},{"@type":"ListItem","position":4,"name":"Crosstalent au Salon HR Technologies 2024"}]},{"@type":"WebSite","@id":"https:\/\/crosstalent.com\/fr\/#website","url":"https:\/\/crosstalent.com\/fr\/","name":"Crosstalent","description":"Solutions RH &amp; de Gestions d&#039;affaires innovantes en mode SaaS","publisher":{"@id":"https:\/\/crosstalent.com\/fr\/#organization"},"potentialAction":[{"@type":"SearchAction","target":{"@type":"EntryPoint","urlTemplate":"https:\/\/crosstalent.com\/fr\/?s={search_term_string}"},"query-input":{"@type":"PropertyValueSpecification","valueRequired":true,"valueName":"search_term_string"}}],"inLanguage":"fr-FR"},{"@type":"Organization","@id":"https:\/\/crosstalent.com\/fr\/#organization","name":"Crosstalent","url":"https:\/\/crosstalent.com\/fr\/","logo":{"@type":"ImageObject","inLanguage":"fr-FR","@id":"https:\/\/crosstalent.com\/fr\/#\/schema\/logo\/image\/","url":"https:\/\/crosstalent.com\/wp-content\/uploads\/2023\/12\/crosstalent-logo.svg","contentUrl":"https:\/\/crosstalent.com\/wp-content\/uploads\/2023\/12\/crosstalent-logo.svg","width":1,"height":1,"caption":"Crosstalent"},"image":{"@id":"https:\/\/crosstalent.com\/fr\/#\/schema\/logo\/image\/"},"sameAs":["https:\/\/x.com\/CrossTalent_FR","https:\/\/linkedin.com\/company\/crosstalent"]},{"@type":"Person","@id":"https:\/\/crosstalent.com\/fr\/#\/schema\/person\/f9aec9223fd2d84c8352a6f70aa8f0fd","name":"Carine Perdrige","image":{"@type":"ImageObject","inLanguage":"fr-FR","@id":"https:\/\/secure.gravatar.com\/avatar\/b2d699a6e8afdce4c63d1bb5016befca457dd418a9d862387120ccdf458ef054?s=96&d=mm&r=g","url":"https:\/\/secure.gravatar.com\/avatar\/b2d699a6e8afdce4c63d1bb5016befca457dd418a9d862387120ccdf458ef054?s=96&d=mm&r=g","contentUrl":"https:\/\/secure.gravatar.com\/avatar\/b2d699a6e8afdce4c63d1bb5016befca457dd418a9d862387120ccdf458ef054?s=96&d=mm&r=g","caption":"Carine Perdrige"},"description":"\u00c0 propos. 16 ans d'exp\u00e9rience dans un Groupe bancaire. Aujourd'hui, je partage mon temps entre l'organisation d'\u00e9v\u00e9nements dans le Grand Gen\u00e8ve et le Graphisme ...","url":"https:\/\/crosstalent.com\/fr\/actualites\/author\/carine-perdrige-equipe-crosstalent\/"}]}},"_links":{"self":[{"href":"https:\/\/crosstalent.com\/fr\/wp-json\/wp\/v2\/posts\/19986","targetHints":{"allow":["GET"]}}],"collection":[{"href":"https:\/\/crosstalent.com\/fr\/wp-json\/wp\/v2\/posts"}],"about":[{"href":"https:\/\/crosstalent.com\/fr\/wp-json\/wp\/v2\/types\/post"}],"author":[{"embeddable":true,"href":"https:\/\/crosstalent.com\/fr\/wp-json\/wp\/v2\/users\/15"}],"replies":[{"embeddable":true,"href":"https:\/\/crosstalent.com\/fr\/wp-json\/wp\/v2\/comments?post=19986"}],"version-history":[{"count":0,"href":"https:\/\/crosstalent.com\/fr\/wp-json\/wp\/v2\/posts\/19986\/revisions"}],"wp:featuredmedia":[{"embeddable":true,"href":"https:\/\/crosstalent.com\/fr\/wp-json\/wp\/v2\/media\/19987"}],"wp:attachment":[{"href":"https:\/\/crosstalent.com\/fr\/wp-json\/wp\/v2\/media?parent=19986"}],"wp:term":[{"taxonomy":"category","embeddable":true,"href":"https:\/\/crosstalent.com\/fr\/wp-json\/wp\/v2\/categories?post=19986"},{"taxonomy":"post_tag","embeddable":true,"href":"https:\/\/crosstalent.com\/fr\/wp-json\/wp\/v2\/tags?post=19986"}],"curies":[{"name":"wp","href":"https:\/\/api.w.org\/{rel}","templated":true}]}}