{"id":20888,"date":"2025-06-09T13:58:26","date_gmt":"2025-06-09T11:58:26","guid":{"rendered":"https:\/\/crosstalent.com\/?p=20888"},"modified":"2025-06-09T13:58:26","modified_gmt":"2025-06-09T11:58:26","slug":"teletravail-enjeux-juridiques-equilibre-vie-perspectives-avenir","status":"publish","type":"post","link":"https:\/\/crosstalent.com\/fr\/actualites\/teletravail-enjeux-juridiques-equilibre-vie-perspectives-avenir\/","title":{"rendered":"T\u00e9l\u00e9travail 2.0 : Entre enjeux juridiques, \u00e9quilibre de vie et perspectives d&rsquo;avenir"},"content":{"rendered":"\t\t<div data-elementor-type=\"wp-post\" data-elementor-id=\"20888\" class=\"elementor elementor-20888\" data-elementor-post-type=\"post\">\n\t\t\t\t<div class=\"elementor-element elementor-element-65366b33 e-flex e-con-boxed e-con e-parent\" data-id=\"65366b33\" data-element_type=\"container\" data-e-type=\"container\">\n\t\t\t\t\t<div class=\"e-con-inner\">\n\t\t\t\t<div class=\"elementor-element elementor-element-3f2b2cf4 elementor-widget elementor-widget-text-editor\" data-id=\"3f2b2cf4\" data-element_type=\"widget\" data-e-type=\"widget\" data-widget_type=\"text-editor.default\">\n\t\t\t\t<div class=\"elementor-widget-container\">\n\t\t\t\t\t\t\t\t\t<p>Dans cet article, nous allons d&rsquo;abord rappeler les obligations l\u00e9gales qui encadrent le t\u00e9l\u00e9travail, notamment \u00e0 la lumi\u00e8re de l&rsquo;arr\u00eat de la Cour de cassation du 19 mars 2025, puis nous analyserons ses impacts sur l&rsquo;\u00e9quilibre entre vie priv\u00e9e et vie professionnelle, avant de conclure sur les perspectives et d\u00e9fis futurs li\u00e9s \u00e0 cette pratique.<\/p><h2>Les obligations l\u00e9gales de l&#8217;employeur en mati\u00e8re de t\u00e9l\u00e9travail<\/h2><h3>La reconnaissance du t\u00e9l\u00e9travail dans le cadre l\u00e9gal<\/h3><p>Le t\u00e9l\u00e9travail s&rsquo;inscrit dans un cadre juridique pr\u00e9cis afin de prot\u00e9ger \u00e0 la fois les droits du salari\u00e9 et les obligations de l&#8217;employeur. En France, cette r\u00e9glementation est principalement encadr\u00e9e par le Code du travail, qui pr\u00e9cise les conditions et modalit\u00e9s de mise en \u0153uvre du t\u00e9l\u00e9travail.<\/p><p>Depuis la loi n\u00b0 2012-387 du 22 mars 2012, un cadre l\u00e9gislatif clair a \u00e9t\u00e9 instaur\u00e9 pour favoriser le d\u00e9veloppement du t\u00e9l\u00e9travail. Cette loi a notamment introduit la possibilit\u00e9 pour les partenaires sociaux (syndicats et organisations professionnelles) de n\u00e9gocier des accords collectifs ou des clauses sp\u00e9cifiques dans le contrat de travail pour d\u00e9finir le recours au t\u00e9l\u00e9travail. Elle a aussi permis de pr\u00e9ciser que le t\u00e9l\u00e9travail peut \u00eatre mis en place soit par un accord collectif d&rsquo;entreprise ou de branche, soit \u00e0 titre individuel via un avenant au contrat de travail.<\/p><p>Les derniers chiffres de l\u2019INSEE* datant de 2022 montrent que 55% des accords d\u2019entreprise pr\u00e9voient 2 jours de t\u00e9l\u00e9travail maximun par semaine (28% pr\u00e9voient 1 journ\u00e9e et 17% pr\u00e9voient entre 3 et 5 jours).<\/p><p>Le Code du travail stipule que le t\u00e9l\u00e9travail doit faire l&rsquo;objet d&rsquo;un accord ou d&rsquo;une charte adopt\u00e9e par l&#8217;employeur apr\u00e8s consultation du comit\u00e9 social et \u00e9conomique (CSE), lorsqu&rsquo;il existe, afin d&rsquo;\u00e9tablir les modalit\u00e9s pratiques, les conditions d&rsquo;organisation, ainsi que les droits et devoirs de chaque partie. En l\u2019absence d\u2019accord formel, l\u2019employeur peut instaurer le t\u00e9l\u00e9travail par un document \u00e9crit pr\u00e9cisant notamment la nature du poste, la fr\u00e9quence, la r\u00e9versibilit\u00e9 et les modalit\u00e9s d\u2019organisation.<\/p><p>Par ailleurs, la l\u00e9gislation insiste sur le fait que le t\u00e9l\u00e9travail doit respecter les droits fondamentaux du salari\u00e9, notamment en mati\u00e8re de sant\u00e9, de s\u00e9curit\u00e9 et de vie priv\u00e9e. L\u2019employeur doit assurer que le poste en t\u00e9l\u00e9travail est conforme aux normes de s\u00e9curit\u00e9, et il doit \u00e9galement veiller \u00e0 pr\u00e9server la confidentialit\u00e9 des donn\u00e9es professionnelles.<\/p><p>Enfin, la loi a \u00e9galement introduit la possibilit\u00e9 pour le salari\u00e9 de revenir \u00e0 un mode de travail en pr\u00e9sentiel, ce qui implique que la mise en place du t\u00e9l\u00e9travail doit \u00eatre r\u00e9versible et faire l\u2019objet d\u2019un accord ou d\u2019une clause dans le contrat.<\/p><h3>La r\u00e9cente jurisprudence : l&rsquo;arr\u00eat de la Cour de cassation du 19 mars 2025<\/h3><p>L\u2019arr\u00eat de la Cour de cassation du 19 mars 2025 (pourvoi n\u00b0 22-17.315) constitue une \u00e9tape cl\u00e9 dans la reconnaissance des obligations de l\u2019employeur face au t\u00e9l\u00e9travail. La Cour a affirm\u00e9 que l\u2019occupation du domicile du salari\u00e9 \u00e0 des fins professionnelles constitue une immixtion dans sa vie priv\u00e9e. Cela implique que l\u2019employeur doit respecter certaines r\u00e8gles, en particulier, lorsque le salari\u00e9 n\u2019a pas de local professionnel mis \u00e0 sa disposition ou qu\u2019il a \u00e9t\u00e9 convenu que le travail s\u2019effectue sous la forme du t\u00e9l\u00e9travail. Celui-ci peut pr\u00e9tendre \u00e0 une indemnit\u00e9 pour compenser la suj\u00e9tion r\u00e9sultant de cette modalit\u00e9 d\u2019ex\u00e9cution. La Cour a pr\u00e9cis\u00e9 que l\u2019action en paiement de cette indemnit\u00e9 est soumise \u00e0 un d\u00e9lai biennal selon l\u2019article L. 1471-1, alin\u00e9a 1er, du Code du travail.<\/p><p>Cet arr\u00eat met en \u00e9vidence que l\u2019employeur a une obligation de respecter la vie priv\u00e9e du salari\u00e9 tout en assurant une organisation \u00e9quitable du t\u00e9l\u00e9travail, notamment en mati\u00e8re d\u2019indemnisation ou d\u2019adaptation des conditions de travail.<\/p><h3>Les obligations en mati\u00e8re de sant\u00e9 et de s\u00e9curit\u00e9<\/h3><p>Le principe g\u00e9n\u00e9ral de s\u00e9curit\u00e9 impose \u00e0 l\u2019employeur de garantir la sant\u00e9 physique et mentale de ses salari\u00e9s, m\u00eame en situation de t\u00e9l\u00e9travail. La loi pr\u00e9voit que l\u2019employeur doit \u00e9valuer les risques li\u00e9s au poste occup\u00e9 \u00e0 domicile et mettre en place des mesures de pr\u00e9vention adapt\u00e9es. La Commission nationale de l\u2019informatique et des libert\u00e9s (CNIL) insiste \u00e9galement sur le respect de la vie priv\u00e9e, notamment en ce qui concerne la surveillance des activit\u00e9s ou la collecte de donn\u00e9es personnelles.<\/p><p>De plus, l\u2019employeur doit fournir au salari\u00e9 les \u00e9quipements n\u00e9cessaires, assurer la formation \u00e0 leur utilisation, et organiser un suivi r\u00e9gulier afin d\u2019\u00e9viter les risques professionnels li\u00e9s \u00e0 une utilisation prolong\u00e9e d\u2019\u00e9quipements informatiques, comme les troubles musculo-squelettiques ou la surcharge cognitive.<\/p><h2>L\u2019impact du t\u00e9l\u00e9travail sur l\u2019\u00e9quilibre vie priv\u00e9e, vie professionnelle et le bien-\u00eatre au travail<\/h2><h3>La fronti\u00e8re entre vie priv\u00e9e et vie professionnelle<\/h3><p>L\u2019un des principaux enjeux du t\u00e9l\u00e9travail r\u00e9side dans la gestion de la fronti\u00e8re entre vie priv\u00e9e et vie professionnelle. Travailler depuis son domicile peut favoriser une plus grande flexibilit\u00e9, mais aussi entra\u00eener une intrusion du travail dans la sph\u00e8re personnelle. La difficult\u00e9 \u00e0 d\u00e9connecter, \u00e0 fixer des horaires pr\u00e9cis ou \u00e0 s\u00e9parer l\u2019espace priv\u00e9 de l\u2019espace professionnel peut engendrer du stress, de la surcharge mentale, voire un risque d\u2019\u00e9puisement professionnel.<\/p><p>Il est donc essentiel que l\u2019employeur \u00e9tablisse des r\u00e8gles claires, telles que la d\u00e9finition d\u2019horaires de travail, la limitation des sollicitations en dehors de ces plages, et la sensibilisation \u00e0 la n\u00e9cessit\u00e9 de pr\u00e9server un \u00e9quilibre.<\/p><h3>La qualit\u00e9 de vie au travail et la sant\u00e9 mentale<\/h3><p>Le t\u00e9l\u00e9travail peut contribuer \u00e0 une meilleure qualit\u00e9 de vie en r\u00e9duisant les temps de trajet, en permettant une plus grande autonomie, ou encore en favorisant une meilleure gestion des imp\u00e9ratifs familiaux ou personnels. Cependant, il peut aussi amplifier le sentiment d\u2019isolement ou de d\u00e9connexion sociale, ce qui peut avoir des effets n\u00e9gatifs sur la sant\u00e9 mentale des salari\u00e9s.<\/p><p>Les entreprises doivent donc mettre en place des dispositifs de soutien, tels que des r\u00e9unions r\u00e9guli\u00e8res, des espaces d\u2019\u00e9change ou des programmes de bien-\u00eatre, afin de renforcer le lien social et d\u2019assurer un suivi psychologique si n\u00e9cessaire.<\/p><h3>T\u00e9l\u00e9travail, productivit\u00e9 et motivation<\/h3><p>Le t\u00e9l\u00e9travail a souvent \u00e9t\u00e9 pr\u00e9sent\u00e9 comme une solution permettant d\u2019accro\u00eetre la productivit\u00e9. En effet, de nombreux employ\u00e9s b\u00e9n\u00e9ficient d\u2019un environnement plus calme et personnalis\u00e9, ce qui leur permet de r\u00e9duire les distractions habituelles du bureau, comme les interruptions fr\u00e9quentes ou les conversations impromptues. le t\u00e9l\u00e9travail \u00e9galement offre une flexibilit\u00e9 accrue dans la gestion du temps, permettant aux salari\u00e9s d\u2019organiser leur journ\u00e9e selon leurs pics de concentration ou leurs contraintes personnelles. Cette autonomie peut favoriser une meilleure efficacit\u00e9 et une responsabilisation renforc\u00e9e.<\/p><p>Cependant, cette vision optimiste n\u2019est pas universelle et doit \u00eatre nuanc\u00e9e. Certains salari\u00e9s peuvent \u00e9prouver des difficult\u00e9s \u00e0 maintenir leur motivation ou leur concentration lorsqu\u2019ils travaillent \u00e0 distance. L\u2019absence d\u2019un cadre structurant, comme des routines ou un environnement de travail d\u00e9di\u00e9, peut entra\u00eener une sensation d\u2019isolement ou de d\u00e9connexion avec l\u2019\u00e9quipe, ce qui peut nuire \u00e0 leur engagement. La difficult\u00e9 \u00e0 distinguer vie professionnelle et vie priv\u00e9e peut \u00e9galement provoquer du stress ou de la fatigue.<\/p><h2>Perspectives et d\u00e9fis futurs du t\u00e9l\u00e9travail<\/h2><h3>Vers un mod\u00e8le hybride durable<\/h3><p>Malgr\u00e9 de nombreux cas r\u00e9cent de retour au bureau impos\u00e9, de nombreux experts pr\u00e9voient que le t\u00e9l\u00e9travail s\u2019inscrira durablement dans le paysage professionnel, notamment sous la forme d\u2019un mod\u00e8le hybride m\u00ealant pr\u00e9sentiel et distanciel. Cette formule permettrait de concilier flexibilit\u00e9, collaboration et coh\u00e9sion d\u2019\u00e9quipe, tout en offrant aux salari\u00e9s un meilleur \u00e9quilibre.<\/p><p>Les entreprises devront repenser leur organisation, leurs outils et leur culture pour favoriser cette hybridation, en mettant l\u2019accent sur la confiance, la responsabilisation et la gestion du changement.<\/p><h3>Les enjeux technologiques et de s\u00e9curit\u00e9<\/h3><p>Le d\u00e9veloppement du t\u00e9l\u00e9travail n\u00e9cessite des investissements importants en mati\u00e8re d\u2019infrastructures num\u00e9riques, de cybers\u00e9curit\u00e9 et de protection des donn\u00e9es. La multiplication des acc\u00e8s distants accro\u00eet les risques de piratage ou de fuite d\u2019informations sensibles.<\/p><p>Les employeurs doivent donc renforcer leur politique de s\u00e9curit\u00e9 informatique, former leurs collaborateurs aux bonnes pratiques, et adopter des solutions innovantes telles que la virtualisation ou l\u2019authentification forte.<\/p><h3>La r\u00e9glementation et le cadre juridique en \u00e9volution<\/h3><p>La l\u00e9gislation doit continuer \u00e0 \u00e9voluer pour s\u2019adapter aux r\u00e9alit\u00e9s du t\u00e9l\u00e9travail. La n\u00e9gociation collective, la clarification des droits et obligations, ainsi que l\u2019instauration d\u2019un cadre juridique clair sont indispensables pour garantir une pratique \u00e9quilibr\u00e9e et \u00e9quitable.<\/p><p>En particulier, la question de la reconnaissance des droits du salari\u00e9, de la compensation des co\u00fbts li\u00e9s au t\u00e9l\u00e9travail, ou encore de la responsabilit\u00e9 en cas d\u2019accident, n\u00e9cessitent une attention particuli\u00e8re de la part des pouvoirs publics et des partenaires sociaux.<\/p><p>\u00a0<\/p><h2>Conclusion<\/h2><p>Le t\u00e9l\u00e9travail repr\u00e9sente une r\u00e9volution dans la mani\u00e8re dont nous concevons le travail, offrant des opportunit\u00e9s in\u00e9dites d\u2019autonomie, de flexibilit\u00e9 et d\u2019\u00e9panouissement. Cependant, cette pratique comporte \u00e9galement des d\u00e9fis majeurs, tant sur le plan juridique, qu\u2019en termes d\u2019\u00e9quilibre vie priv\u00e9e-vie professionnelle ou de s\u00e9curit\u00e9. La jurisprudence r\u00e9cente, notamment l\u2019arr\u00eat de la Cour de cassation du 19 mars 2025, souligne la n\u00e9cessit\u00e9 pour l\u2019employeur de respecter ses obligations l\u00e9gales et de pr\u00e9server la vie priv\u00e9e du salari\u00e9 tout en favorisant un environnement de travail sain et \u00e9quitable.<\/p><p>L\u2019avenir du t\u00e9l\u00e9travail d\u00e9pendra de la capacit\u00e9 des entreprises, des salari\u00e9s et des r\u00e9gulateurs \u00e0 instaurer un cadre \u00e9quilibr\u00e9, innovant et adaptatif, o\u00f9 la technologie, la confiance et la reconnaissance mutuelle seront les piliers d\u2019un mod\u00e8le durable. En poursuivant cette voie, il sera possible de transformer le t\u00e9l\u00e9travail en un levier puissant pour une soci\u00e9t\u00e9 plus flexible, inclusive et r\u00e9siliente face aux d\u00e9fis du XXIe si\u00e8cle.<\/p><p>\u00a0<\/p><p>Lire le pourvoi ici <a href=\"https:\/\/www.courdecassation.fr\/decision\/67da68659adb0fcda38e00ab\">Pourvoi n\u00b022-17.315 | Cour de cassation<\/a><\/p><p>Source INSEE\u00a0: <a href=\"https:\/\/www.insee.fr\/fr\/statistiques\/8379375#onglet-2\">T\u00e9l\u00e9travail et pr\u00e9sentiel : le travail hybride, une pratique d\u00e9sormais ancr\u00e9e dans les entreprises &#8211; Insee Analyses &#8211; 105<\/a><\/p>\t\t\t\t\t\t\t\t<\/div>\n\t\t\t\t<\/div>\n\t\t\t\t\t<\/div>\n\t\t\t\t<\/div>\n\t\t\t\t<\/div>\n\t\t","protected":false},"excerpt":{"rendered":"<p>Depuis plusieurs ann\u00e9es, le t\u00e9l\u00e9travail s&rsquo;est impos\u00e9, notamment parmi les cadres, comme une modalit\u00e9 incontournable du monde professionnel. La crise sanitaire de 2020 a acc\u00e9l\u00e9r\u00e9 cette transition, bouleversant les habitudes des employeurs et des salari\u00e9s. Si cette nouvelle organisation du travail offre de nombreux avantages, elle soul\u00e8ve \u00e9galement des enjeux juridiques, sociaux et personnels. <\/p>\n","protected":false},"author":15,"featured_media":20889,"comment_status":"closed","ping_status":"closed","sticky":false,"template":"","format":"standard","meta":{"inline_featured_image":false,"footnotes":""},"categories":[56,7,25],"tags":[],"class_list":["post-20888","post","type-post","status-publish","format-standard","has-post-thumbnail","hentry","category-emploi","category-rh","category-teletravail"],"yoast_head":"<!-- This site is optimized with the Yoast SEO plugin v27.5 - https:\/\/yoast.com\/product\/yoast-seo-wordpress\/ -->\n<title>T\u00e9l\u00e9travail 2.0 : Enjeux juridiques, \u00e9quilibre vie pro et perso<\/title>\n<meta name=\"description\" content=\"D\u00e9couvrez les enjeux juridiques des entreprises qui proposent du t\u00e9l\u00e9travail et les impacts que cela peut avoir sur la vie personnelle.\" \/>\n<meta name=\"robots\" content=\"index, follow, max-snippet:-1, max-image-preview:large, max-video-preview:-1\" \/>\n<link rel=\"canonical\" href=\"https:\/\/crosstalent.com\/fr\/actualites\/teletravail-enjeux-juridiques-equilibre-vie-perspectives-avenir\/\" \/>\n<meta property=\"og:locale\" content=\"fr_FR\" \/>\n<meta property=\"og:type\" content=\"article\" \/>\n<meta property=\"og:title\" content=\"T\u00e9l\u00e9travail 2.0 : Enjeux juridiques, \u00e9quilibre vie pro et perso\" \/>\n<meta property=\"og:description\" content=\"D\u00e9couvrez les enjeux juridiques des entreprises qui proposent du t\u00e9l\u00e9travail et les impacts que cela peut avoir sur la vie personnelle.\" \/>\n<meta property=\"og:url\" content=\"https:\/\/crosstalent.com\/fr\/actualites\/teletravail-enjeux-juridiques-equilibre-vie-perspectives-avenir\/\" \/>\n<meta property=\"og:site_name\" content=\"Crosstalent\" \/>\n<meta property=\"article:published_time\" content=\"2025-06-09T11:58:26+00:00\" \/>\n<meta property=\"og:image\" content=\"https:\/\/crosstalent.com\/wp-content\/uploads\/2025\/06\/teletravail-2.0-enjeux-publi-site.png\" \/>\n\t<meta property=\"og:image:width\" content=\"1000\" \/>\n\t<meta property=\"og:image:height\" content=\"667\" \/>\n\t<meta property=\"og:image:type\" content=\"image\/png\" \/>\n<meta name=\"author\" content=\"Carine Perdrige\" \/>\n<meta name=\"twitter:card\" content=\"summary_large_image\" \/>\n<meta name=\"twitter:creator\" content=\"@CrossTalent_FR\" \/>\n<meta name=\"twitter:site\" content=\"@CrossTalent_FR\" \/>\n<meta name=\"twitter:label1\" content=\"\u00c9crit par\" \/>\n\t<meta name=\"twitter:data1\" content=\"Carine Perdrige\" \/>\n\t<meta name=\"twitter:label2\" content=\"Dur\u00e9e de lecture estim\u00e9e\" \/>\n\t<meta name=\"twitter:data2\" content=\"9 minutes\" \/>\n<script type=\"application\/ld+json\" class=\"yoast-schema-graph\">{\"@context\":\"https:\\\/\\\/schema.org\",\"@graph\":[{\"@type\":[\"Article\",\"BlogPosting\"],\"@id\":\"https:\\\/\\\/crosstalent.com\\\/fr\\\/actualites\\\/teletravail-enjeux-juridiques-equilibre-vie-perspectives-avenir\\\/#article\",\"isPartOf\":{\"@id\":\"https:\\\/\\\/crosstalent.com\\\/fr\\\/actualites\\\/teletravail-enjeux-juridiques-equilibre-vie-perspectives-avenir\\\/\"},\"author\":{\"name\":\"Carine Perdrige\",\"@id\":\"https:\\\/\\\/crosstalent.com\\\/fr\\\/#\\\/schema\\\/person\\\/f9aec9223fd2d84c8352a6f70aa8f0fd\"},\"headline\":\"T\u00e9l\u00e9travail 2.0 : Entre enjeux juridiques, \u00e9quilibre de vie et perspectives d&rsquo;avenir\",\"datePublished\":\"2025-06-09T11:58:26+00:00\",\"mainEntityOfPage\":{\"@id\":\"https:\\\/\\\/crosstalent.com\\\/fr\\\/actualites\\\/teletravail-enjeux-juridiques-equilibre-vie-perspectives-avenir\\\/\"},\"wordCount\":1834,\"publisher\":{\"@id\":\"https:\\\/\\\/crosstalent.com\\\/fr\\\/#organization\"},\"image\":{\"@id\":\"https:\\\/\\\/crosstalent.com\\\/fr\\\/actualites\\\/teletravail-enjeux-juridiques-equilibre-vie-perspectives-avenir\\\/#primaryimage\"},\"thumbnailUrl\":\"https:\\\/\\\/crosstalent.com\\\/wp-content\\\/uploads\\\/2025\\\/06\\\/teletravail-2.0-enjeux-publi-site.png\",\"articleSection\":[\"Emploi\",\"RH\",\"T\u00e9l\u00e9travail\"],\"inLanguage\":\"fr-FR\"},{\"@type\":\"WebPage\",\"@id\":\"https:\\\/\\\/crosstalent.com\\\/fr\\\/actualites\\\/teletravail-enjeux-juridiques-equilibre-vie-perspectives-avenir\\\/\",\"url\":\"https:\\\/\\\/crosstalent.com\\\/fr\\\/actualites\\\/teletravail-enjeux-juridiques-equilibre-vie-perspectives-avenir\\\/\",\"name\":\"T\u00e9l\u00e9travail 2.0 : Enjeux juridiques, \u00e9quilibre vie pro et perso\",\"isPartOf\":{\"@id\":\"https:\\\/\\\/crosstalent.com\\\/fr\\\/#website\"},\"primaryImageOfPage\":{\"@id\":\"https:\\\/\\\/crosstalent.com\\\/fr\\\/actualites\\\/teletravail-enjeux-juridiques-equilibre-vie-perspectives-avenir\\\/#primaryimage\"},\"image\":{\"@id\":\"https:\\\/\\\/crosstalent.com\\\/fr\\\/actualites\\\/teletravail-enjeux-juridiques-equilibre-vie-perspectives-avenir\\\/#primaryimage\"},\"thumbnailUrl\":\"https:\\\/\\\/crosstalent.com\\\/wp-content\\\/uploads\\\/2025\\\/06\\\/teletravail-2.0-enjeux-publi-site.png\",\"datePublished\":\"2025-06-09T11:58:26+00:00\",\"description\":\"D\u00e9couvrez les enjeux juridiques des entreprises qui proposent du t\u00e9l\u00e9travail et les impacts que cela peut avoir sur la vie personnelle.\",\"breadcrumb\":{\"@id\":\"https:\\\/\\\/crosstalent.com\\\/fr\\\/actualites\\\/teletravail-enjeux-juridiques-equilibre-vie-perspectives-avenir\\\/#breadcrumb\"},\"inLanguage\":\"fr-FR\",\"potentialAction\":[{\"@type\":\"ReadAction\",\"target\":[\"https:\\\/\\\/crosstalent.com\\\/fr\\\/actualites\\\/teletravail-enjeux-juridiques-equilibre-vie-perspectives-avenir\\\/\"]}]},{\"@type\":\"ImageObject\",\"inLanguage\":\"fr-FR\",\"@id\":\"https:\\\/\\\/crosstalent.com\\\/fr\\\/actualites\\\/teletravail-enjeux-juridiques-equilibre-vie-perspectives-avenir\\\/#primaryimage\",\"url\":\"https:\\\/\\\/crosstalent.com\\\/wp-content\\\/uploads\\\/2025\\\/06\\\/teletravail-2.0-enjeux-publi-site.png\",\"contentUrl\":\"https:\\\/\\\/crosstalent.com\\\/wp-content\\\/uploads\\\/2025\\\/06\\\/teletravail-2.0-enjeux-publi-site.png\",\"width\":1000,\"height\":667,\"caption\":\"T\u00e9l\u00e9travail - article Crosstalent\"},{\"@type\":\"BreadcrumbList\",\"@id\":\"https:\\\/\\\/crosstalent.com\\\/fr\\\/actualites\\\/teletravail-enjeux-juridiques-equilibre-vie-perspectives-avenir\\\/#breadcrumb\",\"itemListElement\":[{\"@type\":\"ListItem\",\"position\":1,\"name\":\"Accueil\",\"item\":\"https:\\\/\\\/crosstalent.com\\\/fr\\\/\"},{\"@type\":\"ListItem\",\"position\":2,\"name\":\"RH\",\"item\":\"https:\\\/\\\/crosstalent.com\\\/fr\\\/category\\\/rh\\\/\"},{\"@type\":\"ListItem\",\"position\":3,\"name\":\"T\u00e9l\u00e9travail\",\"item\":\"https:\\\/\\\/crosstalent.com\\\/fr\\\/category\\\/rh\\\/teletravail\\\/\"},{\"@type\":\"ListItem\",\"position\":4,\"name\":\"T\u00e9l\u00e9travail 2.0 : Entre enjeux juridiques, \u00e9quilibre de vie et perspectives d&rsquo;avenir\"}]},{\"@type\":\"WebSite\",\"@id\":\"https:\\\/\\\/crosstalent.com\\\/fr\\\/#website\",\"url\":\"https:\\\/\\\/crosstalent.com\\\/fr\\\/\",\"name\":\"Crosstalent\",\"description\":\"Solutions RH &amp; de Gestions d&#039;affaires innovantes en mode SaaS\",\"publisher\":{\"@id\":\"https:\\\/\\\/crosstalent.com\\\/fr\\\/#organization\"},\"potentialAction\":[{\"@type\":\"SearchAction\",\"target\":{\"@type\":\"EntryPoint\",\"urlTemplate\":\"https:\\\/\\\/crosstalent.com\\\/fr\\\/?s={search_term_string}\"},\"query-input\":{\"@type\":\"PropertyValueSpecification\",\"valueRequired\":true,\"valueName\":\"search_term_string\"}}],\"inLanguage\":\"fr-FR\"},{\"@type\":\"Organization\",\"@id\":\"https:\\\/\\\/crosstalent.com\\\/fr\\\/#organization\",\"name\":\"Crosstalent\",\"url\":\"https:\\\/\\\/crosstalent.com\\\/fr\\\/\",\"logo\":{\"@type\":\"ImageObject\",\"inLanguage\":\"fr-FR\",\"@id\":\"https:\\\/\\\/crosstalent.com\\\/fr\\\/#\\\/schema\\\/logo\\\/image\\\/\",\"url\":\"https:\\\/\\\/crosstalent.com\\\/wp-content\\\/uploads\\\/2023\\\/12\\\/crosstalent-logo.svg\",\"contentUrl\":\"https:\\\/\\\/crosstalent.com\\\/wp-content\\\/uploads\\\/2023\\\/12\\\/crosstalent-logo.svg\",\"width\":1,\"height\":1,\"caption\":\"Crosstalent\"},\"image\":{\"@id\":\"https:\\\/\\\/crosstalent.com\\\/fr\\\/#\\\/schema\\\/logo\\\/image\\\/\"},\"sameAs\":[\"https:\\\/\\\/x.com\\\/CrossTalent_FR\",\"https:\\\/\\\/linkedin.com\\\/company\\\/crosstalent\"]},{\"@type\":\"Person\",\"@id\":\"https:\\\/\\\/crosstalent.com\\\/fr\\\/#\\\/schema\\\/person\\\/f9aec9223fd2d84c8352a6f70aa8f0fd\",\"name\":\"Carine Perdrige\",\"image\":{\"@type\":\"ImageObject\",\"inLanguage\":\"fr-FR\",\"@id\":\"https:\\\/\\\/secure.gravatar.com\\\/avatar\\\/b2d699a6e8afdce4c63d1bb5016befca457dd418a9d862387120ccdf458ef054?s=96&d=mm&r=g\",\"url\":\"https:\\\/\\\/secure.gravatar.com\\\/avatar\\\/b2d699a6e8afdce4c63d1bb5016befca457dd418a9d862387120ccdf458ef054?s=96&d=mm&r=g\",\"contentUrl\":\"https:\\\/\\\/secure.gravatar.com\\\/avatar\\\/b2d699a6e8afdce4c63d1bb5016befca457dd418a9d862387120ccdf458ef054?s=96&d=mm&r=g\",\"caption\":\"Carine Perdrige\"},\"description\":\"\u00c0 propos. 16 ans d'exp\u00e9rience dans un Groupe bancaire. Aujourd'hui, je partage mon temps entre l'organisation d'\u00e9v\u00e9nements dans le Grand Gen\u00e8ve et le Graphisme ...\",\"url\":\"https:\\\/\\\/crosstalent.com\\\/fr\\\/actualites\\\/author\\\/carine-perdrige-equipe-crosstalent\\\/\"}]}<\/script>\n<!-- \/ Yoast SEO plugin. -->","yoast_head_json":{"title":"T\u00e9l\u00e9travail 2.0 : Enjeux juridiques, \u00e9quilibre vie pro et perso","description":"D\u00e9couvrez les enjeux juridiques des entreprises qui proposent du t\u00e9l\u00e9travail et les impacts que cela peut avoir sur la vie personnelle.","robots":{"index":"index","follow":"follow","max-snippet":"max-snippet:-1","max-image-preview":"max-image-preview:large","max-video-preview":"max-video-preview:-1"},"canonical":"https:\/\/crosstalent.com\/fr\/actualites\/teletravail-enjeux-juridiques-equilibre-vie-perspectives-avenir\/","og_locale":"fr_FR","og_type":"article","og_title":"T\u00e9l\u00e9travail 2.0 : Enjeux juridiques, \u00e9quilibre vie pro et perso","og_description":"D\u00e9couvrez les enjeux juridiques des entreprises qui proposent du t\u00e9l\u00e9travail et les impacts que cela peut avoir sur la vie personnelle.","og_url":"https:\/\/crosstalent.com\/fr\/actualites\/teletravail-enjeux-juridiques-equilibre-vie-perspectives-avenir\/","og_site_name":"Crosstalent","article_published_time":"2025-06-09T11:58:26+00:00","og_image":[{"width":1000,"height":667,"url":"https:\/\/crosstalent.com\/wp-content\/uploads\/2025\/06\/teletravail-2.0-enjeux-publi-site.png","type":"image\/png"}],"author":"Carine Perdrige","twitter_card":"summary_large_image","twitter_creator":"@CrossTalent_FR","twitter_site":"@CrossTalent_FR","twitter_misc":{"\u00c9crit par":"Carine Perdrige","Dur\u00e9e de lecture estim\u00e9e":"9 minutes"},"schema":{"@context":"https:\/\/schema.org","@graph":[{"@type":["Article","BlogPosting"],"@id":"https:\/\/crosstalent.com\/fr\/actualites\/teletravail-enjeux-juridiques-equilibre-vie-perspectives-avenir\/#article","isPartOf":{"@id":"https:\/\/crosstalent.com\/fr\/actualites\/teletravail-enjeux-juridiques-equilibre-vie-perspectives-avenir\/"},"author":{"name":"Carine Perdrige","@id":"https:\/\/crosstalent.com\/fr\/#\/schema\/person\/f9aec9223fd2d84c8352a6f70aa8f0fd"},"headline":"T\u00e9l\u00e9travail 2.0 : Entre enjeux juridiques, \u00e9quilibre de vie et perspectives d&rsquo;avenir","datePublished":"2025-06-09T11:58:26+00:00","mainEntityOfPage":{"@id":"https:\/\/crosstalent.com\/fr\/actualites\/teletravail-enjeux-juridiques-equilibre-vie-perspectives-avenir\/"},"wordCount":1834,"publisher":{"@id":"https:\/\/crosstalent.com\/fr\/#organization"},"image":{"@id":"https:\/\/crosstalent.com\/fr\/actualites\/teletravail-enjeux-juridiques-equilibre-vie-perspectives-avenir\/#primaryimage"},"thumbnailUrl":"https:\/\/crosstalent.com\/wp-content\/uploads\/2025\/06\/teletravail-2.0-enjeux-publi-site.png","articleSection":["Emploi","RH","T\u00e9l\u00e9travail"],"inLanguage":"fr-FR"},{"@type":"WebPage","@id":"https:\/\/crosstalent.com\/fr\/actualites\/teletravail-enjeux-juridiques-equilibre-vie-perspectives-avenir\/","url":"https:\/\/crosstalent.com\/fr\/actualites\/teletravail-enjeux-juridiques-equilibre-vie-perspectives-avenir\/","name":"T\u00e9l\u00e9travail 2.0 : Enjeux juridiques, \u00e9quilibre vie pro et perso","isPartOf":{"@id":"https:\/\/crosstalent.com\/fr\/#website"},"primaryImageOfPage":{"@id":"https:\/\/crosstalent.com\/fr\/actualites\/teletravail-enjeux-juridiques-equilibre-vie-perspectives-avenir\/#primaryimage"},"image":{"@id":"https:\/\/crosstalent.com\/fr\/actualites\/teletravail-enjeux-juridiques-equilibre-vie-perspectives-avenir\/#primaryimage"},"thumbnailUrl":"https:\/\/crosstalent.com\/wp-content\/uploads\/2025\/06\/teletravail-2.0-enjeux-publi-site.png","datePublished":"2025-06-09T11:58:26+00:00","description":"D\u00e9couvrez les enjeux juridiques des entreprises qui proposent du t\u00e9l\u00e9travail et les impacts que cela peut avoir sur la vie personnelle.","breadcrumb":{"@id":"https:\/\/crosstalent.com\/fr\/actualites\/teletravail-enjeux-juridiques-equilibre-vie-perspectives-avenir\/#breadcrumb"},"inLanguage":"fr-FR","potentialAction":[{"@type":"ReadAction","target":["https:\/\/crosstalent.com\/fr\/actualites\/teletravail-enjeux-juridiques-equilibre-vie-perspectives-avenir\/"]}]},{"@type":"ImageObject","inLanguage":"fr-FR","@id":"https:\/\/crosstalent.com\/fr\/actualites\/teletravail-enjeux-juridiques-equilibre-vie-perspectives-avenir\/#primaryimage","url":"https:\/\/crosstalent.com\/wp-content\/uploads\/2025\/06\/teletravail-2.0-enjeux-publi-site.png","contentUrl":"https:\/\/crosstalent.com\/wp-content\/uploads\/2025\/06\/teletravail-2.0-enjeux-publi-site.png","width":1000,"height":667,"caption":"T\u00e9l\u00e9travail - article Crosstalent"},{"@type":"BreadcrumbList","@id":"https:\/\/crosstalent.com\/fr\/actualites\/teletravail-enjeux-juridiques-equilibre-vie-perspectives-avenir\/#breadcrumb","itemListElement":[{"@type":"ListItem","position":1,"name":"Accueil","item":"https:\/\/crosstalent.com\/fr\/"},{"@type":"ListItem","position":2,"name":"RH","item":"https:\/\/crosstalent.com\/fr\/category\/rh\/"},{"@type":"ListItem","position":3,"name":"T\u00e9l\u00e9travail","item":"https:\/\/crosstalent.com\/fr\/category\/rh\/teletravail\/"},{"@type":"ListItem","position":4,"name":"T\u00e9l\u00e9travail 2.0 : Entre enjeux juridiques, \u00e9quilibre de vie et perspectives d&rsquo;avenir"}]},{"@type":"WebSite","@id":"https:\/\/crosstalent.com\/fr\/#website","url":"https:\/\/crosstalent.com\/fr\/","name":"Crosstalent","description":"Solutions RH &amp; de Gestions d&#039;affaires innovantes en mode SaaS","publisher":{"@id":"https:\/\/crosstalent.com\/fr\/#organization"},"potentialAction":[{"@type":"SearchAction","target":{"@type":"EntryPoint","urlTemplate":"https:\/\/crosstalent.com\/fr\/?s={search_term_string}"},"query-input":{"@type":"PropertyValueSpecification","valueRequired":true,"valueName":"search_term_string"}}],"inLanguage":"fr-FR"},{"@type":"Organization","@id":"https:\/\/crosstalent.com\/fr\/#organization","name":"Crosstalent","url":"https:\/\/crosstalent.com\/fr\/","logo":{"@type":"ImageObject","inLanguage":"fr-FR","@id":"https:\/\/crosstalent.com\/fr\/#\/schema\/logo\/image\/","url":"https:\/\/crosstalent.com\/wp-content\/uploads\/2023\/12\/crosstalent-logo.svg","contentUrl":"https:\/\/crosstalent.com\/wp-content\/uploads\/2023\/12\/crosstalent-logo.svg","width":1,"height":1,"caption":"Crosstalent"},"image":{"@id":"https:\/\/crosstalent.com\/fr\/#\/schema\/logo\/image\/"},"sameAs":["https:\/\/x.com\/CrossTalent_FR","https:\/\/linkedin.com\/company\/crosstalent"]},{"@type":"Person","@id":"https:\/\/crosstalent.com\/fr\/#\/schema\/person\/f9aec9223fd2d84c8352a6f70aa8f0fd","name":"Carine Perdrige","image":{"@type":"ImageObject","inLanguage":"fr-FR","@id":"https:\/\/secure.gravatar.com\/avatar\/b2d699a6e8afdce4c63d1bb5016befca457dd418a9d862387120ccdf458ef054?s=96&d=mm&r=g","url":"https:\/\/secure.gravatar.com\/avatar\/b2d699a6e8afdce4c63d1bb5016befca457dd418a9d862387120ccdf458ef054?s=96&d=mm&r=g","contentUrl":"https:\/\/secure.gravatar.com\/avatar\/b2d699a6e8afdce4c63d1bb5016befca457dd418a9d862387120ccdf458ef054?s=96&d=mm&r=g","caption":"Carine Perdrige"},"description":"\u00c0 propos. 16 ans d'exp\u00e9rience dans un Groupe bancaire. Aujourd'hui, je partage mon temps entre l'organisation d'\u00e9v\u00e9nements dans le Grand Gen\u00e8ve et le Graphisme ...","url":"https:\/\/crosstalent.com\/fr\/actualites\/author\/carine-perdrige-equipe-crosstalent\/"}]}},"_links":{"self":[{"href":"https:\/\/crosstalent.com\/fr\/wp-json\/wp\/v2\/posts\/20888","targetHints":{"allow":["GET"]}}],"collection":[{"href":"https:\/\/crosstalent.com\/fr\/wp-json\/wp\/v2\/posts"}],"about":[{"href":"https:\/\/crosstalent.com\/fr\/wp-json\/wp\/v2\/types\/post"}],"author":[{"embeddable":true,"href":"https:\/\/crosstalent.com\/fr\/wp-json\/wp\/v2\/users\/15"}],"replies":[{"embeddable":true,"href":"https:\/\/crosstalent.com\/fr\/wp-json\/wp\/v2\/comments?post=20888"}],"version-history":[{"count":0,"href":"https:\/\/crosstalent.com\/fr\/wp-json\/wp\/v2\/posts\/20888\/revisions"}],"wp:featuredmedia":[{"embeddable":true,"href":"https:\/\/crosstalent.com\/fr\/wp-json\/wp\/v2\/media\/20889"}],"wp:attachment":[{"href":"https:\/\/crosstalent.com\/fr\/wp-json\/wp\/v2\/media?parent=20888"}],"wp:term":[{"taxonomy":"category","embeddable":true,"href":"https:\/\/crosstalent.com\/fr\/wp-json\/wp\/v2\/categories?post=20888"},{"taxonomy":"post_tag","embeddable":true,"href":"https:\/\/crosstalent.com\/fr\/wp-json\/wp\/v2\/tags?post=20888"}],"curies":[{"name":"wp","href":"https:\/\/api.w.org\/{rel}","templated":true}]}}