{"id":21202,"date":"2026-03-11T12:04:42","date_gmt":"2026-03-11T11:04:42","guid":{"rendered":"https:\/\/crosstalent.com\/?p=21202"},"modified":"2026-03-09T08:56:04","modified_gmt":"2026-03-09T07:56:04","slug":"bilan-six-ans-entretien-parcours-professionnel-2026","status":"publish","type":"post","link":"https:\/\/crosstalent.com\/fr\/actualites\/bilan-six-ans-entretien-parcours-professionnel-2026\/","title":{"rendered":"Bilan \u00e0 six ans de l\u2019entretien de parcours professionnel : obligations 2026"},"content":{"rendered":"\t\t<div data-elementor-type=\"wp-post\" data-elementor-id=\"21202\" class=\"elementor elementor-21202\" data-elementor-post-type=\"post\">\n\t\t\t\t<div class=\"elementor-element elementor-element-65366b33 e-flex e-con-boxed e-con e-parent\" data-id=\"65366b33\" data-element_type=\"container\" data-e-type=\"container\">\n\t\t\t\t\t<div class=\"e-con-inner\">\n\t\t\t\t<div class=\"elementor-element elementor-element-3f2b2cf4 elementor-widget elementor-widget-text-editor\" data-id=\"3f2b2cf4\" data-element_type=\"widget\" data-e-type=\"widget\" data-widget_type=\"text-editor.default\">\n\t\t\t\t<div class=\"elementor-widget-container\">\n\t\t\t\t\t\t\t\t\t<p>Ce n\u2019est plus un simple point de contr\u00f4le. C\u2019est un test de coh\u00e9rence du suivi professionnel.<\/p><h2>Un moment de synth\u00e8se<\/h2><p>Le bilan intervient apr\u00e8s plusieurs cycles d\u2019entretien de parcours professionnel. Il ne constitue pas un entretien isol\u00e9, mais une analyse globale du parcours du salari\u00e9 sur six ann\u00e9es.<\/p><p>L\u2019entreprise doit \u00eatre en mesure de d\u00e9montrer que le collaborateur a b\u00e9n\u00e9fici\u00e9 d\u2019un suivi structur\u00e9 et continu. Le texte de loi insiste sur la r\u00e9alit\u00e9 des actions engag\u00e9es.<\/p><p>Il ne suffit plus d\u2019avoir planifi\u00e9 des entretiens. Il faut montrer qu\u2019ils ont produit des effets.<\/p><h2>Une exigence probatoire renforc\u00e9e<\/h2><p>La r\u00e9forme renforce la dimension juridique du bilan. L\u2019employeur doit pouvoir justifier la tenue r\u00e9guli\u00e8re des entretiens, la mise en \u0153uvre des formations pr\u00e9vues et le suivi des engagements pris.<\/p><p>En cas de contestation, l\u2019absence de tra\u00e7abilit\u00e9 fragilise la position de l\u2019entreprise. Le bilan \u00e0 six ans devient donc un indicateur de solidit\u00e9 organisationnelle.<\/p><p>Il r\u00e9v\u00e8le la capacit\u00e9 de l\u2019entreprise \u00e0 piloter r\u00e9ellement les parcours.<\/p><h2>Un levier strat\u00e9gique sous-exploit\u00e9<\/h2><p>Au-del\u00e0 de l\u2019obligation l\u00e9gale, le bilan \u00e0 six ans offre une opportunit\u00e9 strat\u00e9gique.<\/p><p>Il permet d\u2019\u00e9valuer la coh\u00e9rence des trajectoires internes, d\u2019identifier les freins r\u00e9currents et de mesurer l\u2019efficacit\u00e9 des dispositifs de formation.<\/p><p>Utilis\u00e9 intelligemment, il devient un outil d\u2019am\u00e9lioration continue. Il alimente la r\u00e9flexion sur la gestion des comp\u00e9tences et la mobilit\u00e9 interne.<\/p><h2>Le r\u00f4le du SIRH<\/h2><p>Dans ce contexte, le SIRH joue un r\u00f4le structurant. Il centralise les comptes rendus, conserve l\u2019historique des d\u00e9cisions et facilite la production de synth\u00e8ses fiables.<\/p><p>Il transforme le bilan \u00e0 six ans en outil de pilotage plut\u00f4t qu\u2019en simple obligation administrative.<\/p><h2><strong>\ud83d\udd0e <\/strong>\u00c0 retenir<\/h2><p>Le bilan \u00e0 six ans ne se limite plus \u00e0 v\u00e9rifier que des entretiens ont eu lieu. Il exige une d\u00e9monstration concr\u00e8te du suivi des parcours et des actions engag\u00e9es. Sans tra\u00e7abilit\u00e9 solide, la conformit\u00e9 devient fragile.<\/p><p>Pour comprendre l\u2019ensemble du cadre juridique, consultez notre analyse compl\u00e8te de la <a href=\"https:\/\/crosstalent.com\/fr\/actualites\/reforme-entretien-professionnel-2026-texte-loi\/\">r\u00e9forme entretien professionnel 2026 : texte de loi et obligations.<\/a><\/p>\t\t\t\t\t\t\t\t<\/div>\n\t\t\t\t<\/div>\n\t\t\t\t\t<\/div>\n\t\t\t\t<\/div>\n\t\t\t\t<\/div>\n\t\t","protected":false},"excerpt":{"rendered":"<p>Le bilan \u00e0 six ans occupe une place centrale dans la r\u00e9forme de l\u2019entretien professionnel 2026. Longtemps trait\u00e9 comme une \u00e9tape formelle, il prend d\u00e9sormais une dimension qualitative renforc\u00e9e avec la loi n\u00b0 2025-989 du 24 octobre 2025<\/p>\n","protected":false},"author":15,"featured_media":21195,"comment_status":"closed","ping_status":"closed","sticky":false,"template":"","format":"standard","meta":{"inline_featured_image":false,"footnotes":""},"categories":[56,54,55,9,7],"tags":[],"class_list":["post-21202","post","type-post","status-publish","format-standard","has-post-thumbnail","hentry","category-emploi","category-formation","category-gestion-des-talents","category-juridique","category-rh"],"yoast_head":"<!-- This site is optimized with the Yoast SEO plugin v27.4 - https:\/\/yoast.com\/product\/yoast-seo-wordpress\/ -->\n<title>Bilan \u00e0 6 ans entretien de parcours professionnel : obligations 2026<\/title>\n<meta name=\"description\" content=\"Bilan \u00e0 six ans de l\u2019entretien de parcours professionnel : quelles obligations en 2026 et quels risques pour l\u2019employeur ?\" \/>\n<meta name=\"robots\" content=\"index, follow, max-snippet:-1, max-image-preview:large, max-video-preview:-1\" \/>\n<link rel=\"canonical\" href=\"https:\/\/crosstalent.com\/fr\/actualites\/bilan-six-ans-entretien-parcours-professionnel-2026\/\" \/>\n<meta property=\"og:locale\" content=\"fr_FR\" \/>\n<meta property=\"og:type\" content=\"article\" \/>\n<meta property=\"og:title\" content=\"Bilan \u00e0 6 ans entretien de parcours professionnel : obligations 2026\" \/>\n<meta property=\"og:description\" content=\"Bilan \u00e0 six ans de l\u2019entretien de parcours professionnel : quelles obligations en 2026 et quels risques pour l\u2019employeur ?\" \/>\n<meta property=\"og:url\" content=\"https:\/\/crosstalent.com\/fr\/actualites\/bilan-six-ans-entretien-parcours-professionnel-2026\/\" \/>\n<meta property=\"og:site_name\" content=\"Crosstalent\" \/>\n<meta property=\"article:published_time\" content=\"2026-03-11T11:04:42+00:00\" \/>\n<meta property=\"og:image\" content=\"https:\/\/crosstalent.com\/wp-content\/uploads\/2026\/03\/crosstalent-entretien-parcours-professionnel-6-ans.png\" \/>\n\t<meta property=\"og:image:width\" content=\"1000\" \/>\n\t<meta property=\"og:image:height\" content=\"667\" \/>\n\t<meta property=\"og:image:type\" content=\"image\/png\" \/>\n<meta name=\"author\" content=\"Carine Perdrige\" \/>\n<meta name=\"twitter:card\" content=\"summary_large_image\" \/>\n<meta name=\"twitter:creator\" content=\"@CrossTalent_FR\" \/>\n<meta name=\"twitter:site\" content=\"@CrossTalent_FR\" \/>\n<meta name=\"twitter:label1\" content=\"\u00c9crit par\" \/>\n\t<meta name=\"twitter:data1\" content=\"Carine Perdrige\" \/>\n\t<meta name=\"twitter:label2\" content=\"Dur\u00e9e de lecture estim\u00e9e\" \/>\n\t<meta name=\"twitter:data2\" content=\"2 minutes\" \/>\n<script type=\"application\/ld+json\" class=\"yoast-schema-graph\">{\"@context\":\"https:\\\/\\\/schema.org\",\"@graph\":[{\"@type\":[\"Article\",\"BlogPosting\"],\"@id\":\"https:\\\/\\\/crosstalent.com\\\/fr\\\/actualites\\\/bilan-six-ans-entretien-parcours-professionnel-2026\\\/#article\",\"isPartOf\":{\"@id\":\"https:\\\/\\\/crosstalent.com\\\/fr\\\/actualites\\\/bilan-six-ans-entretien-parcours-professionnel-2026\\\/\"},\"author\":{\"name\":\"Carine Perdrige\",\"@id\":\"https:\\\/\\\/crosstalent.com\\\/fr\\\/#\\\/schema\\\/person\\\/f9aec9223fd2d84c8352a6f70aa8f0fd\"},\"headline\":\"Bilan \u00e0 six ans de l\u2019entretien de parcours professionnel : obligations 2026\",\"datePublished\":\"2026-03-11T11:04:42+00:00\",\"mainEntityOfPage\":{\"@id\":\"https:\\\/\\\/crosstalent.com\\\/fr\\\/actualites\\\/bilan-six-ans-entretien-parcours-professionnel-2026\\\/\"},\"wordCount\":384,\"publisher\":{\"@id\":\"https:\\\/\\\/crosstalent.com\\\/fr\\\/#organization\"},\"image\":{\"@id\":\"https:\\\/\\\/crosstalent.com\\\/fr\\\/actualites\\\/bilan-six-ans-entretien-parcours-professionnel-2026\\\/#primaryimage\"},\"thumbnailUrl\":\"https:\\\/\\\/crosstalent.com\\\/wp-content\\\/uploads\\\/2026\\\/03\\\/crosstalent-entretien-parcours-professionnel-6-ans.png\",\"articleSection\":[\"Emploi\",\"Formation\",\"Gestion des talents\",\"Juridique\",\"RH\"],\"inLanguage\":\"fr-FR\"},{\"@type\":\"WebPage\",\"@id\":\"https:\\\/\\\/crosstalent.com\\\/fr\\\/actualites\\\/bilan-six-ans-entretien-parcours-professionnel-2026\\\/\",\"url\":\"https:\\\/\\\/crosstalent.com\\\/fr\\\/actualites\\\/bilan-six-ans-entretien-parcours-professionnel-2026\\\/\",\"name\":\"Bilan \u00e0 6 ans entretien de parcours professionnel : obligations 2026\",\"isPartOf\":{\"@id\":\"https:\\\/\\\/crosstalent.com\\\/fr\\\/#website\"},\"primaryImageOfPage\":{\"@id\":\"https:\\\/\\\/crosstalent.com\\\/fr\\\/actualites\\\/bilan-six-ans-entretien-parcours-professionnel-2026\\\/#primaryimage\"},\"image\":{\"@id\":\"https:\\\/\\\/crosstalent.com\\\/fr\\\/actualites\\\/bilan-six-ans-entretien-parcours-professionnel-2026\\\/#primaryimage\"},\"thumbnailUrl\":\"https:\\\/\\\/crosstalent.com\\\/wp-content\\\/uploads\\\/2026\\\/03\\\/crosstalent-entretien-parcours-professionnel-6-ans.png\",\"datePublished\":\"2026-03-11T11:04:42+00:00\",\"description\":\"Bilan \u00e0 six ans de l\u2019entretien de parcours professionnel : quelles obligations en 2026 et quels risques pour l\u2019employeur ?\",\"breadcrumb\":{\"@id\":\"https:\\\/\\\/crosstalent.com\\\/fr\\\/actualites\\\/bilan-six-ans-entretien-parcours-professionnel-2026\\\/#breadcrumb\"},\"inLanguage\":\"fr-FR\",\"potentialAction\":[{\"@type\":\"ReadAction\",\"target\":[\"https:\\\/\\\/crosstalent.com\\\/fr\\\/actualites\\\/bilan-six-ans-entretien-parcours-professionnel-2026\\\/\"]}]},{\"@type\":\"ImageObject\",\"inLanguage\":\"fr-FR\",\"@id\":\"https:\\\/\\\/crosstalent.com\\\/fr\\\/actualites\\\/bilan-six-ans-entretien-parcours-professionnel-2026\\\/#primaryimage\",\"url\":\"https:\\\/\\\/crosstalent.com\\\/wp-content\\\/uploads\\\/2026\\\/03\\\/crosstalent-entretien-parcours-professionnel-6-ans.png\",\"contentUrl\":\"https:\\\/\\\/crosstalent.com\\\/wp-content\\\/uploads\\\/2026\\\/03\\\/crosstalent-entretien-parcours-professionnel-6-ans.png\",\"width\":1000,\"height\":667,\"caption\":\"Bilan \u00e0 six ans entretien de parcours professionnel\"},{\"@type\":\"BreadcrumbList\",\"@id\":\"https:\\\/\\\/crosstalent.com\\\/fr\\\/actualites\\\/bilan-six-ans-entretien-parcours-professionnel-2026\\\/#breadcrumb\",\"itemListElement\":[{\"@type\":\"ListItem\",\"position\":1,\"name\":\"Accueil\",\"item\":\"https:\\\/\\\/crosstalent.com\\\/fr\\\/\"},{\"@type\":\"ListItem\",\"position\":2,\"name\":\"RH\",\"item\":\"https:\\\/\\\/crosstalent.com\\\/fr\\\/category\\\/rh\\\/\"},{\"@type\":\"ListItem\",\"position\":3,\"name\":\"Bilan \u00e0 six ans de l\u2019entretien de parcours professionnel : obligations 2026\"}]},{\"@type\":\"WebSite\",\"@id\":\"https:\\\/\\\/crosstalent.com\\\/fr\\\/#website\",\"url\":\"https:\\\/\\\/crosstalent.com\\\/fr\\\/\",\"name\":\"Crosstalent\",\"description\":\"Solutions RH &amp; de Gestions d&#039;affaires innovantes en mode SaaS\",\"publisher\":{\"@id\":\"https:\\\/\\\/crosstalent.com\\\/fr\\\/#organization\"},\"potentialAction\":[{\"@type\":\"SearchAction\",\"target\":{\"@type\":\"EntryPoint\",\"urlTemplate\":\"https:\\\/\\\/crosstalent.com\\\/fr\\\/?s={search_term_string}\"},\"query-input\":{\"@type\":\"PropertyValueSpecification\",\"valueRequired\":true,\"valueName\":\"search_term_string\"}}],\"inLanguage\":\"fr-FR\"},{\"@type\":\"Organization\",\"@id\":\"https:\\\/\\\/crosstalent.com\\\/fr\\\/#organization\",\"name\":\"Crosstalent\",\"url\":\"https:\\\/\\\/crosstalent.com\\\/fr\\\/\",\"logo\":{\"@type\":\"ImageObject\",\"inLanguage\":\"fr-FR\",\"@id\":\"https:\\\/\\\/crosstalent.com\\\/fr\\\/#\\\/schema\\\/logo\\\/image\\\/\",\"url\":\"https:\\\/\\\/crosstalent.com\\\/wp-content\\\/uploads\\\/2023\\\/12\\\/crosstalent-logo.svg\",\"contentUrl\":\"https:\\\/\\\/crosstalent.com\\\/wp-content\\\/uploads\\\/2023\\\/12\\\/crosstalent-logo.svg\",\"width\":1,\"height\":1,\"caption\":\"Crosstalent\"},\"image\":{\"@id\":\"https:\\\/\\\/crosstalent.com\\\/fr\\\/#\\\/schema\\\/logo\\\/image\\\/\"},\"sameAs\":[\"https:\\\/\\\/x.com\\\/CrossTalent_FR\",\"https:\\\/\\\/linkedin.com\\\/company\\\/crosstalent\"]},{\"@type\":\"Person\",\"@id\":\"https:\\\/\\\/crosstalent.com\\\/fr\\\/#\\\/schema\\\/person\\\/f9aec9223fd2d84c8352a6f70aa8f0fd\",\"name\":\"Carine Perdrige\",\"image\":{\"@type\":\"ImageObject\",\"inLanguage\":\"fr-FR\",\"@id\":\"https:\\\/\\\/secure.gravatar.com\\\/avatar\\\/b2d699a6e8afdce4c63d1bb5016befca457dd418a9d862387120ccdf458ef054?s=96&d=mm&r=g\",\"url\":\"https:\\\/\\\/secure.gravatar.com\\\/avatar\\\/b2d699a6e8afdce4c63d1bb5016befca457dd418a9d862387120ccdf458ef054?s=96&d=mm&r=g\",\"contentUrl\":\"https:\\\/\\\/secure.gravatar.com\\\/avatar\\\/b2d699a6e8afdce4c63d1bb5016befca457dd418a9d862387120ccdf458ef054?s=96&d=mm&r=g\",\"caption\":\"Carine Perdrige\"},\"description\":\"\u00c0 propos. 16 ans d'exp\u00e9rience dans un Groupe bancaire. Aujourd'hui, je partage mon temps entre l'organisation d'\u00e9v\u00e9nements dans le Grand Gen\u00e8ve et le Graphisme ...\",\"url\":\"https:\\\/\\\/crosstalent.com\\\/fr\\\/actualites\\\/author\\\/carine-perdrige-equipe-crosstalent\\\/\"}]}<\/script>\n<!-- \/ Yoast SEO plugin. -->","yoast_head_json":{"title":"Bilan \u00e0 6 ans entretien de parcours professionnel : obligations 2026","description":"Bilan \u00e0 six ans de l\u2019entretien de parcours professionnel : quelles obligations en 2026 et quels risques pour l\u2019employeur ?","robots":{"index":"index","follow":"follow","max-snippet":"max-snippet:-1","max-image-preview":"max-image-preview:large","max-video-preview":"max-video-preview:-1"},"canonical":"https:\/\/crosstalent.com\/fr\/actualites\/bilan-six-ans-entretien-parcours-professionnel-2026\/","og_locale":"fr_FR","og_type":"article","og_title":"Bilan \u00e0 6 ans entretien de parcours professionnel : obligations 2026","og_description":"Bilan \u00e0 six ans de l\u2019entretien de parcours professionnel : quelles obligations en 2026 et quels risques pour l\u2019employeur ?","og_url":"https:\/\/crosstalent.com\/fr\/actualites\/bilan-six-ans-entretien-parcours-professionnel-2026\/","og_site_name":"Crosstalent","article_published_time":"2026-03-11T11:04:42+00:00","og_image":[{"width":1000,"height":667,"url":"https:\/\/crosstalent.com\/wp-content\/uploads\/2026\/03\/crosstalent-entretien-parcours-professionnel-6-ans.png","type":"image\/png"}],"author":"Carine Perdrige","twitter_card":"summary_large_image","twitter_creator":"@CrossTalent_FR","twitter_site":"@CrossTalent_FR","twitter_misc":{"\u00c9crit par":"Carine Perdrige","Dur\u00e9e de lecture estim\u00e9e":"2 minutes"},"schema":{"@context":"https:\/\/schema.org","@graph":[{"@type":["Article","BlogPosting"],"@id":"https:\/\/crosstalent.com\/fr\/actualites\/bilan-six-ans-entretien-parcours-professionnel-2026\/#article","isPartOf":{"@id":"https:\/\/crosstalent.com\/fr\/actualites\/bilan-six-ans-entretien-parcours-professionnel-2026\/"},"author":{"name":"Carine Perdrige","@id":"https:\/\/crosstalent.com\/fr\/#\/schema\/person\/f9aec9223fd2d84c8352a6f70aa8f0fd"},"headline":"Bilan \u00e0 six ans de l\u2019entretien de parcours professionnel : obligations 2026","datePublished":"2026-03-11T11:04:42+00:00","mainEntityOfPage":{"@id":"https:\/\/crosstalent.com\/fr\/actualites\/bilan-six-ans-entretien-parcours-professionnel-2026\/"},"wordCount":384,"publisher":{"@id":"https:\/\/crosstalent.com\/fr\/#organization"},"image":{"@id":"https:\/\/crosstalent.com\/fr\/actualites\/bilan-six-ans-entretien-parcours-professionnel-2026\/#primaryimage"},"thumbnailUrl":"https:\/\/crosstalent.com\/wp-content\/uploads\/2026\/03\/crosstalent-entretien-parcours-professionnel-6-ans.png","articleSection":["Emploi","Formation","Gestion des talents","Juridique","RH"],"inLanguage":"fr-FR"},{"@type":"WebPage","@id":"https:\/\/crosstalent.com\/fr\/actualites\/bilan-six-ans-entretien-parcours-professionnel-2026\/","url":"https:\/\/crosstalent.com\/fr\/actualites\/bilan-six-ans-entretien-parcours-professionnel-2026\/","name":"Bilan \u00e0 6 ans entretien de parcours professionnel : obligations 2026","isPartOf":{"@id":"https:\/\/crosstalent.com\/fr\/#website"},"primaryImageOfPage":{"@id":"https:\/\/crosstalent.com\/fr\/actualites\/bilan-six-ans-entretien-parcours-professionnel-2026\/#primaryimage"},"image":{"@id":"https:\/\/crosstalent.com\/fr\/actualites\/bilan-six-ans-entretien-parcours-professionnel-2026\/#primaryimage"},"thumbnailUrl":"https:\/\/crosstalent.com\/wp-content\/uploads\/2026\/03\/crosstalent-entretien-parcours-professionnel-6-ans.png","datePublished":"2026-03-11T11:04:42+00:00","description":"Bilan \u00e0 six ans de l\u2019entretien de parcours professionnel : quelles obligations en 2026 et quels risques pour l\u2019employeur ?","breadcrumb":{"@id":"https:\/\/crosstalent.com\/fr\/actualites\/bilan-six-ans-entretien-parcours-professionnel-2026\/#breadcrumb"},"inLanguage":"fr-FR","potentialAction":[{"@type":"ReadAction","target":["https:\/\/crosstalent.com\/fr\/actualites\/bilan-six-ans-entretien-parcours-professionnel-2026\/"]}]},{"@type":"ImageObject","inLanguage":"fr-FR","@id":"https:\/\/crosstalent.com\/fr\/actualites\/bilan-six-ans-entretien-parcours-professionnel-2026\/#primaryimage","url":"https:\/\/crosstalent.com\/wp-content\/uploads\/2026\/03\/crosstalent-entretien-parcours-professionnel-6-ans.png","contentUrl":"https:\/\/crosstalent.com\/wp-content\/uploads\/2026\/03\/crosstalent-entretien-parcours-professionnel-6-ans.png","width":1000,"height":667,"caption":"Bilan \u00e0 six ans entretien de parcours professionnel"},{"@type":"BreadcrumbList","@id":"https:\/\/crosstalent.com\/fr\/actualites\/bilan-six-ans-entretien-parcours-professionnel-2026\/#breadcrumb","itemListElement":[{"@type":"ListItem","position":1,"name":"Accueil","item":"https:\/\/crosstalent.com\/fr\/"},{"@type":"ListItem","position":2,"name":"RH","item":"https:\/\/crosstalent.com\/fr\/category\/rh\/"},{"@type":"ListItem","position":3,"name":"Bilan \u00e0 six ans de l\u2019entretien de parcours professionnel : obligations 2026"}]},{"@type":"WebSite","@id":"https:\/\/crosstalent.com\/fr\/#website","url":"https:\/\/crosstalent.com\/fr\/","name":"Crosstalent","description":"Solutions RH &amp; de Gestions d&#039;affaires innovantes en mode SaaS","publisher":{"@id":"https:\/\/crosstalent.com\/fr\/#organization"},"potentialAction":[{"@type":"SearchAction","target":{"@type":"EntryPoint","urlTemplate":"https:\/\/crosstalent.com\/fr\/?s={search_term_string}"},"query-input":{"@type":"PropertyValueSpecification","valueRequired":true,"valueName":"search_term_string"}}],"inLanguage":"fr-FR"},{"@type":"Organization","@id":"https:\/\/crosstalent.com\/fr\/#organization","name":"Crosstalent","url":"https:\/\/crosstalent.com\/fr\/","logo":{"@type":"ImageObject","inLanguage":"fr-FR","@id":"https:\/\/crosstalent.com\/fr\/#\/schema\/logo\/image\/","url":"https:\/\/crosstalent.com\/wp-content\/uploads\/2023\/12\/crosstalent-logo.svg","contentUrl":"https:\/\/crosstalent.com\/wp-content\/uploads\/2023\/12\/crosstalent-logo.svg","width":1,"height":1,"caption":"Crosstalent"},"image":{"@id":"https:\/\/crosstalent.com\/fr\/#\/schema\/logo\/image\/"},"sameAs":["https:\/\/x.com\/CrossTalent_FR","https:\/\/linkedin.com\/company\/crosstalent"]},{"@type":"Person","@id":"https:\/\/crosstalent.com\/fr\/#\/schema\/person\/f9aec9223fd2d84c8352a6f70aa8f0fd","name":"Carine Perdrige","image":{"@type":"ImageObject","inLanguage":"fr-FR","@id":"https:\/\/secure.gravatar.com\/avatar\/b2d699a6e8afdce4c63d1bb5016befca457dd418a9d862387120ccdf458ef054?s=96&d=mm&r=g","url":"https:\/\/secure.gravatar.com\/avatar\/b2d699a6e8afdce4c63d1bb5016befca457dd418a9d862387120ccdf458ef054?s=96&d=mm&r=g","contentUrl":"https:\/\/secure.gravatar.com\/avatar\/b2d699a6e8afdce4c63d1bb5016befca457dd418a9d862387120ccdf458ef054?s=96&d=mm&r=g","caption":"Carine Perdrige"},"description":"\u00c0 propos. 16 ans d'exp\u00e9rience dans un Groupe bancaire. Aujourd'hui, je partage mon temps entre l'organisation d'\u00e9v\u00e9nements dans le Grand Gen\u00e8ve et le Graphisme ...","url":"https:\/\/crosstalent.com\/fr\/actualites\/author\/carine-perdrige-equipe-crosstalent\/"}]}},"_links":{"self":[{"href":"https:\/\/crosstalent.com\/fr\/wp-json\/wp\/v2\/posts\/21202","targetHints":{"allow":["GET"]}}],"collection":[{"href":"https:\/\/crosstalent.com\/fr\/wp-json\/wp\/v2\/posts"}],"about":[{"href":"https:\/\/crosstalent.com\/fr\/wp-json\/wp\/v2\/types\/post"}],"author":[{"embeddable":true,"href":"https:\/\/crosstalent.com\/fr\/wp-json\/wp\/v2\/users\/15"}],"replies":[{"embeddable":true,"href":"https:\/\/crosstalent.com\/fr\/wp-json\/wp\/v2\/comments?post=21202"}],"version-history":[{"count":5,"href":"https:\/\/crosstalent.com\/fr\/wp-json\/wp\/v2\/posts\/21202\/revisions"}],"predecessor-version":[{"id":21208,"href":"https:\/\/crosstalent.com\/fr\/wp-json\/wp\/v2\/posts\/21202\/revisions\/21208"}],"wp:featuredmedia":[{"embeddable":true,"href":"https:\/\/crosstalent.com\/fr\/wp-json\/wp\/v2\/media\/21195"}],"wp:attachment":[{"href":"https:\/\/crosstalent.com\/fr\/wp-json\/wp\/v2\/media?parent=21202"}],"wp:term":[{"taxonomy":"category","embeddable":true,"href":"https:\/\/crosstalent.com\/fr\/wp-json\/wp\/v2\/categories?post=21202"},{"taxonomy":"post_tag","embeddable":true,"href":"https:\/\/crosstalent.com\/fr\/wp-json\/wp\/v2\/tags?post=21202"}],"curies":[{"name":"wp","href":"https:\/\/api.w.org\/{rel}","templated":true}]}}